{"id":3788,"date":"2025-07-08T16:23:35","date_gmt":"2025-07-08T16:23:35","guid":{"rendered":"https:\/\/tamaulipasmiregion.com\/?p=3788"},"modified":"2026-02-12T16:24:34","modified_gmt":"2026-02-12T16:24:34","slug":"conmemoran-fundacion-de-la-facultad-de-agronomia-de-la-uat","status":"publish","type":"post","link":"https:\/\/tamaulipasmiregion.com\/?p=3788","title":{"rendered":"Conmemoran fundaci\u00f3n de la Facultad de Agronom\u00eda de la UAT\u00a0"},"content":{"rendered":"\n<p><\/p>\n\n\n\n<p>En un significativo encuentro que reuni\u00f3 a exalumnos, acad\u00e9micos, representantes y autoridades estatales y federales de los sectores agropecuario, hidr\u00e1ulico, forestal y ambiental, se llev\u00f3 a cabo un evento conmemorativo por el 58 aniversario de la fundaci\u00f3n de la Facultad de Agronom\u00eda de la Universidad Aut\u00f3noma de Tamaulipas (UAT).&nbsp;<\/p>\n\n\n\n<p>La ceremonia cont\u00f3 con la presencia del rector de la UAT, D\u00e1maso Anaya Alvarado, y el titular de la Secretar\u00eda de Recursos Hidr\u00e1ulicos para el Desarrollo Social del Gobierno de Tamaulipas, Ra\u00fal Quiroga \u00c1lvarez, en un acto que tuvo como prop\u00f3sito conmemorar la historia y los aportes de esta emblem\u00e1tica instituci\u00f3n, adem\u00e1s de fomentar el di\u00e1logo acad\u00e9mico sobre los retos actuales y futuros del campo tamaulipeco y la regi\u00f3n.&nbsp;<\/p>\n\n\n\n<p>Luego de dar la bienvenida a integrantes de la primera generaci\u00f3n de egresados de la antes Facultad de Agronom\u00eda, hoy denominada Facultad de Ingenier\u00eda y Ciencias (FIC), el rector D\u00e1maso Anaya destac\u00f3 la importancia de honrar la fundaci\u00f3n de este plantel universitario y reconocer la trayectoria de quienes han contribuido al desarrollo rural, forestal y ambiental de Tamaulipas.&nbsp;<\/p>\n\n\n\n<p>Subray\u00f3 que para la UAT esta celebraci\u00f3n no solo rememora el pasado, sino que tambi\u00e9n reafirma su compromiso de ser una instituci\u00f3n aliada para el desarrollo rural, la investigaci\u00f3n aplicada y la educaci\u00f3n continua de egresados y profesionistas del sector.&nbsp;<\/p>\n\n\n\n<p>A su vez, el secretario Ra\u00fal Quiroga destac\u00f3 que este acto representa un reconocimiento al valioso legado acad\u00e9mico y profesional que la Facultad de Agronom\u00eda ha brindado a la UAT y al desarrollo del sector agropecuario en la regi\u00f3n.&nbsp;<\/p>\n\n\n\n<p>Destac\u00f3 la trayectoria de sus egresados que han brillado en la academia, la gesti\u00f3n p\u00fablica y el sector financiero, y rindi\u00f3 homenaje a quienes ya no est\u00e1n, honrando su memoria.&nbsp;<\/p>\n\n\n\n<p>En este marco, el director de la FIC, Vicente Paul Sald\u00edvar Alonso present\u00f3 una semblanza destacando que el origen de esta facultad se remonta a 1966, en el contexto de la Revoluci\u00f3n Verde,&nbsp;<\/p>\n\n\n\n<p>con la aprobaci\u00f3n de la creaci\u00f3n de la Escuela de Agricultura en Ciudad Victoria, oficialmente inaugurada en 1967.&nbsp;<\/p>\n\n\n\n<p>El evento celebrado en el Polyforum de Ciudad Victoria incluy\u00f3 la ponencia \u201cSector Hidr\u00e1ulico en Tamaulipas\u201d por el Ing. Ra\u00fal Quiroga \u00c1lvarez; las exposiciones \u201cRevegetaci\u00f3n post-incendios\u201d y \u201cAspectos nutricionales de la abeja mel\u00edfera\u201d por el Dr. Alfredo Jos\u00e9 Huerta de la Garza; adem\u00e1s de las conferencias, \u201cCr\u00f3nica de la ciencia agron\u00f3mica\u201d del Ing. Liborio M\u00e9ndez Z\u00fa\u00f1iga; y \u201cFinanciamiento rural\u201d por el Ing. Jorge Luis Gonz\u00e1lez D\u00edaz.&nbsp;<\/p>\n\n\n\n<p>Estuvieron presentes funcionarios del Gobierno del Estado, directivos actuales y exdirectores de la facultad, maestros, exalumnos de diversas generaciones, integrantes del Colegio de Ingenieros Agr\u00f3nomos de Tamaulipas, presidentes de m\u00f3dulos de distritos de riego, estudiantes y personal administrativo.<\/p>\n","protected":false},"excerpt":{"rendered":"En un significativo encuentro que reuni\u00f3 a exalumnos, acad\u00e9micos, representantes y autoridades estatales y federales de los sectores agropecuario, hidr\u00e1ulico, forestal y ambiental, se llev\u00f3 a cabo un evento conmemorativo por el 58 aniversario de la fundaci\u00f3n de la Facultad de Agronom\u00eda de la Universidad Aut\u00f3noma de Tamaulipas (UAT).&nbsp; La ceremonia cont\u00f3 con la presencia","protected":false},"author":1,"featured_media":3789,"comment_status":"open","ping_status":"open","sticky":false,"template":"","format":"standard","meta":{"_monsterinsights_skip_tracking":false,"_monsterinsights_sitenote_active":false,"_monsterinsights_sitenote_note":"","_monsterinsights_sitenote_category":0,"footnotes":""},"categories":[3],"tags":[],"class_list":["post-3788","post","type-post","status-publish","format-standard","has-post-thumbnail","hentry","category-noticias"],"aioseo_notices":[],"amp_enabled":true,"_links":{"self":[{"href":"https:\/\/tamaulipasmiregion.com\/index.php?rest_route=\/wp\/v2\/posts\/3788","targetHints":{"allow":["GET"]}}],"collection":[{"href":"https:\/\/tamaulipasmiregion.com\/index.php?rest_route=\/wp\/v2\/posts"}],"about":[{"href":"https:\/\/tamaulipasmiregion.com\/index.php?rest_route=\/wp\/v2\/types\/post"}],"author":[{"embeddable":true,"href":"https:\/\/tamaulipasmiregion.com\/index.php?rest_route=\/wp\/v2\/users\/1"}],"replies":[{"embeddable":true,"href":"https:\/\/tamaulipasmiregion.com\/index.php?rest_route=%2Fwp%2Fv2%2Fcomments&post=3788"}],"version-history":[{"count":2,"href":"https:\/\/tamaulipasmiregion.com\/index.php?rest_route=\/wp\/v2\/posts\/3788\/revisions"}],"predecessor-version":[{"id":3791,"href":"https:\/\/tamaulipasmiregion.com\/index.php?rest_route=\/wp\/v2\/posts\/3788\/revisions\/3791"}],"wp:featuredmedia":[{"embeddable":true,"href":"https:\/\/tamaulipasmiregion.com\/index.php?rest_route=\/wp\/v2\/media\/3789"}],"wp:attachment":[{"href":"https:\/\/tamaulipasmiregion.com\/index.php?rest_route=%2Fwp%2Fv2%2Fmedia&parent=3788"}],"wp:term":[{"taxonomy":"category","embeddable":true,"href":"https:\/\/tamaulipasmiregion.com\/index.php?rest_route=%2Fwp%2Fv2%2Fcategories&post=3788"},{"taxonomy":"post_tag","embeddable":true,"href":"https:\/\/tamaulipasmiregion.com\/index.php?rest_route=%2Fwp%2Fv2%2Ftags&post=3788"}],"curies":[{"name":"wp","href":"https:\/\/api.w.org\/{rel}","templated":true}]}}