{"id":3836,"date":"2025-07-20T17:04:06","date_gmt":"2025-07-20T17:04:06","guid":{"rendered":"https:\/\/tamaulipasmiregion.com\/?p=3836"},"modified":"2026-02-12T17:04:49","modified_gmt":"2026-02-12T17:04:49","slug":"inicia-la-uat-periodo-vacacional-de-verano-2025","status":"publish","type":"post","link":"https:\/\/tamaulipasmiregion.com\/?p=3836","title":{"rendered":"Inicia la UAT periodo vacacional de verano 2025\u00a0"},"content":{"rendered":"\n<p><\/p>\n\n\n\n<p>La Universidad Aut\u00f3noma de Tamaulipas (UAT) da inicio al periodo vacacional oficial conforme al Calendario Escolar\/Administrativo y en apego a las disposiciones establecidas en los contratos colectivos de trabajo vigentes con las organizaciones sindicales de esta casa de estudios.&nbsp;<\/p>\n\n\n\n<p>Dicho periodo vacacional comprender\u00e1 del 21 de julio al 1 de agosto, reanudando las actividades administrativas a partir del 4 de agosto de 2025, en que tambi\u00e9n se organiza el trabajo en las diferentes dependencias acad\u00e9micas previo al inicio del ciclo escolar 2025-3 (Oto\u00f1o).&nbsp;<\/p>\n\n\n\n<p>El periodo de inscripciones y reinscripciones se llevar\u00e1 a cabo del 5 al 18 de agosto de 2025, mientras que las clases dar\u00e1n inicio el lunes 11 de agosto, concluyendo el ciclo escolar el 28 de noviembre del presente a\u00f1o. Asimismo, se recuerda a la comunidad estudiantil que la fecha l\u00edmite para el pago de inscripciones y reinscripciones ser\u00e1 el 1 de septiembre de 2025.&nbsp;<\/p>\n\n\n\n<p>Cabe mencionar que, en cumplimiento a su compromiso con el desarrollo educativo del estado, la UAT ha dado apertura a trece nuevos programas de licenciatura, dise\u00f1ados para dar respuesta a las necesidades del sector productivo y social, y consolidar su presencia en las diferentes regiones de Tamaulipas.&nbsp;<\/p>\n\n\n\n<p>Entre las nuevas carreras destacan las ingenier\u00edas en Ciencia de Datos e Inteligencia Artificial, Biom\u00e9dica, Energ\u00edas Renovables y Desarrollo Sostenible; as\u00ed como las licenciaturas en Ciencias Aplicadas al Deporte y Ejercicio, Atenci\u00f3n Profesional de la Salud, Autotransporte de Carga, Psicolog\u00eda, Derecho, Enfermer\u00eda y Agronom\u00eda, estas \u00faltimas extendi\u00e9ndose a sedes donde anteriormente no se ofrec\u00edan dichas opciones.&nbsp;<\/p>\n\n\n\n<p>De igual forma, se anuncia la incorporaci\u00f3n de nuevos programas en modalidad en l\u00ednea, como la Ingenier\u00eda en Ciencia de Datos, con lo que se ampl\u00eda el acceso a la educaci\u00f3n superior a estudiantes de distintas regiones, reafirmando el car\u00e1cter inclusivo y vanguardista de esta casa de estudios.<\/p>\n","protected":false},"excerpt":{"rendered":"La Universidad Aut\u00f3noma de Tamaulipas (UAT) da inicio al periodo vacacional oficial conforme al Calendario Escolar\/Administrativo y en apego a las disposiciones establecidas en los contratos colectivos de trabajo vigentes con las organizaciones sindicales de esta casa de estudios.&nbsp; Dicho periodo vacacional comprender\u00e1 del 21 de julio al 1 de agosto, reanudando las actividades administrativas","protected":false},"author":1,"featured_media":3837,"comment_status":"open","ping_status":"open","sticky":false,"template":"","format":"standard","meta":{"_monsterinsights_skip_tracking":false,"_monsterinsights_sitenote_active":false,"_monsterinsights_sitenote_note":"","_monsterinsights_sitenote_category":0,"footnotes":""},"categories":[3],"tags":[],"class_list":["post-3836","post","type-post","status-publish","format-standard","has-post-thumbnail","hentry","category-noticias"],"aioseo_notices":[],"amp_enabled":true,"_links":{"self":[{"href":"https:\/\/tamaulipasmiregion.com\/index.php?rest_route=\/wp\/v2\/posts\/3836","targetHints":{"allow":["GET"]}}],"collection":[{"href":"https:\/\/tamaulipasmiregion.com\/index.php?rest_route=\/wp\/v2\/posts"}],"about":[{"href":"https:\/\/tamaulipasmiregion.com\/index.php?rest_route=\/wp\/v2\/types\/post"}],"author":[{"embeddable":true,"href":"https:\/\/tamaulipasmiregion.com\/index.php?rest_route=\/wp\/v2\/users\/1"}],"replies":[{"embeddable":true,"href":"https:\/\/tamaulipasmiregion.com\/index.php?rest_route=%2Fwp%2Fv2%2Fcomments&post=3836"}],"version-history":[{"count":2,"href":"https:\/\/tamaulipasmiregion.com\/index.php?rest_route=\/wp\/v2\/posts\/3836\/revisions"}],"predecessor-version":[{"id":3839,"href":"https:\/\/tamaulipasmiregion.com\/index.php?rest_route=\/wp\/v2\/posts\/3836\/revisions\/3839"}],"wp:featuredmedia":[{"embeddable":true,"href":"https:\/\/tamaulipasmiregion.com\/index.php?rest_route=\/wp\/v2\/media\/3837"}],"wp:attachment":[{"href":"https:\/\/tamaulipasmiregion.com\/index.php?rest_route=%2Fwp%2Fv2%2Fmedia&parent=3836"}],"wp:term":[{"taxonomy":"category","embeddable":true,"href":"https:\/\/tamaulipasmiregion.com\/index.php?rest_route=%2Fwp%2Fv2%2Fcategories&post=3836"},{"taxonomy":"post_tag","embeddable":true,"href":"https:\/\/tamaulipasmiregion.com\/index.php?rest_route=%2Fwp%2Fv2%2Ftags&post=3836"}],"curies":[{"name":"wp","href":"https:\/\/api.w.org\/{rel}","templated":true}]}}