{"id":3921,"date":"2025-08-07T22:22:47","date_gmt":"2025-08-07T22:22:47","guid":{"rendered":"https:\/\/tamaulipasmiregion.com\/?p=3921"},"modified":"2026-02-12T22:23:25","modified_gmt":"2026-02-12T22:23:25","slug":"reafirma-rector-compromiso-con-la-transformacion-de-la-uat","status":"publish","type":"post","link":"https:\/\/tamaulipasmiregion.com\/?p=3921","title":{"rendered":"Reafirma rector compromiso con la transformaci\u00f3n de la UAT\u00a0"},"content":{"rendered":"\n<p><\/p>\n\n\n\n<p>El rector de la Universidad Aut\u00f3noma de Tamaulipas (UAT), D\u00e1maso Anaya Alvarado, expres\u00f3 su agradecimiento a la comunidad universitaria, pues su respaldo y compromiso ha sido fundamental en los avances conseguidos por la casa de estudios para posicionarse entre las mejores instituciones de educaci\u00f3n superior del pa\u00eds.&nbsp;<\/p>\n\n\n\n<p>En su mensaje, ante personal administrativo, directivos, funcionarios y docentes de las dependencias de la UAT, el rector destac\u00f3 el crecimiento que ha experimentado la instituci\u00f3n en t\u00e9rminos de presencia y reconocimiento, tanto en el contexto nacional, como internacional.&nbsp;<\/p>\n\n\n\n<p>Dijo que este avance es reflejo de un trabajo constante y coordinado entre todas las \u00e1reas que integran la Universidad, luego de resaltar que, detr\u00e1s de cada logro hay un esfuerzo colectivo que involucra a docentes comprometidos, personal administrativo eficiente, personal de apoyo dedicado y una comunidad estudiantil que responde con entusiasmo a los retos acad\u00e9micos.&nbsp;<\/p>\n\n\n\n<p>Puntualiz\u00f3 que los buenos resultados que hoy distinguen a la UAT se deben tambi\u00e9n a la vinculaci\u00f3n estrat\u00e9gica con actores clave del entorno externo, y, en este sentido, reconoci\u00f3 que la colaboraci\u00f3n institucional con los gobiernos estatal, federal y municipales, as\u00ed como con organizaciones del sector productivo, ha abierto nuevas oportunidades para la participaci\u00f3n de la UAT en proyectos relevantes para el desarrollo regional.&nbsp;<\/p>\n\n\n\n<p>Reiter\u00f3 que uno de los objetivos centrales de su gesti\u00f3n es consolidar una universidad que forme mejores ciudadanos, con valores, compromiso social y preparaci\u00f3n integral, luego de enfatizar que la transformaci\u00f3n de la UAT no es un eslogan, sino una ruta de trabajo que se construye todos los d\u00edas con peque\u00f1as y grandes acciones.&nbsp;<\/p>\n\n\n\n<p>Puso en relieve tambi\u00e9n el compromiso de mantener una gesti\u00f3n con cercan\u00eda, apertura y di\u00e1logo, donde las ideas y propuestas que contribuyan al bienestar institucional sean escuchadas y valoradas.&nbsp;<\/p>\n\n\n\n<p>Acompa\u00f1ado por su esposa Isolda Rend\u00f3n de Anaya, el rector salud\u00f3 al personal y directivos con motivo de reanudar esta semana, luego del receso vacacional, las actividades administrativas en la UAT, adem\u00e1s de aprovechar para compartir la celebraci\u00f3n de su cumplea\u00f1os y estrechar los lazos de amistad y compa\u00f1erismo en un ambiente de cordialidad y cercan\u00eda.<\/p>\n","protected":false},"excerpt":{"rendered":"El rector de la Universidad Aut\u00f3noma de Tamaulipas (UAT), D\u00e1maso Anaya Alvarado, expres\u00f3 su agradecimiento a la comunidad universitaria, pues su respaldo y compromiso ha sido fundamental en los avances conseguidos por la casa de estudios para posicionarse entre las mejores instituciones de educaci\u00f3n superior del pa\u00eds.&nbsp; En su mensaje, ante personal administrativo, directivos, funcionarios","protected":false},"author":1,"featured_media":3922,"comment_status":"open","ping_status":"open","sticky":false,"template":"","format":"standard","meta":{"_monsterinsights_skip_tracking":false,"_monsterinsights_sitenote_active":false,"_monsterinsights_sitenote_note":"","_monsterinsights_sitenote_category":0,"footnotes":""},"categories":[3],"tags":[],"class_list":["post-3921","post","type-post","status-publish","format-standard","has-post-thumbnail","hentry","category-noticias"],"aioseo_notices":[],"amp_enabled":true,"_links":{"self":[{"href":"https:\/\/tamaulipasmiregion.com\/index.php?rest_route=\/wp\/v2\/posts\/3921","targetHints":{"allow":["GET"]}}],"collection":[{"href":"https:\/\/tamaulipasmiregion.com\/index.php?rest_route=\/wp\/v2\/posts"}],"about":[{"href":"https:\/\/tamaulipasmiregion.com\/index.php?rest_route=\/wp\/v2\/types\/post"}],"author":[{"embeddable":true,"href":"https:\/\/tamaulipasmiregion.com\/index.php?rest_route=\/wp\/v2\/users\/1"}],"replies":[{"embeddable":true,"href":"https:\/\/tamaulipasmiregion.com\/index.php?rest_route=%2Fwp%2Fv2%2Fcomments&post=3921"}],"version-history":[{"count":2,"href":"https:\/\/tamaulipasmiregion.com\/index.php?rest_route=\/wp\/v2\/posts\/3921\/revisions"}],"predecessor-version":[{"id":3924,"href":"https:\/\/tamaulipasmiregion.com\/index.php?rest_route=\/wp\/v2\/posts\/3921\/revisions\/3924"}],"wp:featuredmedia":[{"embeddable":true,"href":"https:\/\/tamaulipasmiregion.com\/index.php?rest_route=\/wp\/v2\/media\/3922"}],"wp:attachment":[{"href":"https:\/\/tamaulipasmiregion.com\/index.php?rest_route=%2Fwp%2Fv2%2Fmedia&parent=3921"}],"wp:term":[{"taxonomy":"category","embeddable":true,"href":"https:\/\/tamaulipasmiregion.com\/index.php?rest_route=%2Fwp%2Fv2%2Fcategories&post=3921"},{"taxonomy":"post_tag","embeddable":true,"href":"https:\/\/tamaulipasmiregion.com\/index.php?rest_route=%2Fwp%2Fv2%2Ftags&post=3921"}],"curies":[{"name":"wp","href":"https:\/\/api.w.org\/{rel}","templated":true}]}}