{"id":3931,"date":"2025-08-09T22:31:17","date_gmt":"2025-08-09T22:31:17","guid":{"rendered":"https:\/\/tamaulipasmiregion.com\/?p=3931"},"modified":"2026-02-12T22:32:03","modified_gmt":"2026-02-12T22:32:03","slug":"destaca-estudiante-de-la-uat-en-evento-mundial-de-karate","status":"publish","type":"post","link":"https:\/\/tamaulipasmiregion.com\/?p=3931","title":{"rendered":"Destaca estudiante de la UAT en evento mundial de karate\u00a0"},"content":{"rendered":"\n<p><\/p>\n\n\n\n<p>La estudiante la Universidad Aut\u00f3noma de Tamaulipas (UAT), Laura Melissa Zamora Espa\u00f1a, conquist\u00f3 la medalla de bronce durante su participaci\u00f3n en el Karate 1 Youth League Monterrey 2025, celebrado en la Sultana del Norte.&nbsp;<\/p>\n\n\n\n<p>La alumna de la Facultad de Comercio, Administraci\u00f3n y Ciencias Sociales Nuevo Laredo compiti\u00f3 con gran determinaci\u00f3n en la categor\u00eda U21 -50 kilogramos, modalidad Kumite Femenil, logrando colgarse el metal de bronce y poner en alto el nombre de la UAT en esta competencia.&nbsp;<\/p>\n\n\n\n<p>Este evento de talla mundial avalado por la World Karate Federation (WKF) reuni\u00f3 a los mejores atletas de m\u00e1s de 50 pa\u00edses, que dejaron todo en cada uno de los combates celebrados.&nbsp;<\/p>\n\n\n\n<p>Adem\u00e1s vieron participaci\u00f3n los universitarios, Hannah Quezada Bautista y Abraham Balderas Guill\u00e9n en la categor\u00eda U21, as\u00ed como tambi\u00e9n Jos\u00e9 Alonso Guzm\u00e1n Santoyo en Junior, todos ellos bajo el mando de su entrenador Tom\u00e1s Rodr\u00edguez Zamora.&nbsp;<\/p>\n\n\n\n<p>La Universidad Aut\u00f3noma de Tamaulipas refrenda su compromiso con los atletas universitarios, siendo el deporte parte fundamental en la formaci\u00f3n integral de los estudiantes, promoviendo adem\u00e1s los valores a trav\u00e9s del desarrollo deportivo entre los j\u00f3venes.<\/p>\n","protected":false},"excerpt":{"rendered":"La estudiante la Universidad Aut\u00f3noma de Tamaulipas (UAT), Laura Melissa Zamora Espa\u00f1a, conquist\u00f3 la medalla de bronce durante su participaci\u00f3n en el Karate 1 Youth League Monterrey 2025, celebrado en la Sultana del Norte.&nbsp; La alumna de la Facultad de Comercio, Administraci\u00f3n y Ciencias Sociales Nuevo Laredo compiti\u00f3 con gran determinaci\u00f3n en la categor\u00eda U21","protected":false},"author":1,"featured_media":3932,"comment_status":"open","ping_status":"open","sticky":false,"template":"","format":"standard","meta":{"_monsterinsights_skip_tracking":false,"_monsterinsights_sitenote_active":false,"_monsterinsights_sitenote_note":"","_monsterinsights_sitenote_category":0,"footnotes":""},"categories":[3],"tags":[],"class_list":["post-3931","post","type-post","status-publish","format-standard","has-post-thumbnail","hentry","category-noticias"],"aioseo_notices":[],"amp_enabled":true,"_links":{"self":[{"href":"https:\/\/tamaulipasmiregion.com\/index.php?rest_route=\/wp\/v2\/posts\/3931","targetHints":{"allow":["GET"]}}],"collection":[{"href":"https:\/\/tamaulipasmiregion.com\/index.php?rest_route=\/wp\/v2\/posts"}],"about":[{"href":"https:\/\/tamaulipasmiregion.com\/index.php?rest_route=\/wp\/v2\/types\/post"}],"author":[{"embeddable":true,"href":"https:\/\/tamaulipasmiregion.com\/index.php?rest_route=\/wp\/v2\/users\/1"}],"replies":[{"embeddable":true,"href":"https:\/\/tamaulipasmiregion.com\/index.php?rest_route=%2Fwp%2Fv2%2Fcomments&post=3931"}],"version-history":[{"count":2,"href":"https:\/\/tamaulipasmiregion.com\/index.php?rest_route=\/wp\/v2\/posts\/3931\/revisions"}],"predecessor-version":[{"id":3934,"href":"https:\/\/tamaulipasmiregion.com\/index.php?rest_route=\/wp\/v2\/posts\/3931\/revisions\/3934"}],"wp:featuredmedia":[{"embeddable":true,"href":"https:\/\/tamaulipasmiregion.com\/index.php?rest_route=\/wp\/v2\/media\/3932"}],"wp:attachment":[{"href":"https:\/\/tamaulipasmiregion.com\/index.php?rest_route=%2Fwp%2Fv2%2Fmedia&parent=3931"}],"wp:term":[{"taxonomy":"category","embeddable":true,"href":"https:\/\/tamaulipasmiregion.com\/index.php?rest_route=%2Fwp%2Fv2%2Fcategories&post=3931"},{"taxonomy":"post_tag","embeddable":true,"href":"https:\/\/tamaulipasmiregion.com\/index.php?rest_route=%2Fwp%2Fv2%2Ftags&post=3931"}],"curies":[{"name":"wp","href":"https:\/\/api.w.org\/{rel}","templated":true}]}}