{"id":3948,"date":"2026-01-04T22:44:00","date_gmt":"2026-01-04T22:44:00","guid":{"rendered":"https:\/\/tamaulipasmiregion.com\/?p=3948"},"modified":"2026-02-12T22:45:50","modified_gmt":"2026-02-12T22:45:50","slug":"la-uat-reanuda-labor-administrativa-y-prepara-el-inicio-del-ciclo-escolar","status":"publish","type":"post","link":"https:\/\/tamaulipasmiregion.com\/?p=3948","title":{"rendered":"La UAT reanuda labor administrativa y prepara el inicio del ciclo escolar"},"content":{"rendered":"\n<p>Luego de su receso vacacional de invierno, la Universidad Aut\u00f3noma de Tamaulipas (UAT) reanuda labores este lunes 5 de enero en todas sus dependencias administrativas y acad\u00e9micas, habilitando este mismo d\u00eda el proceso de inscripciones y reinscripciones para el per\u00edodo escolar universitario 2026-1 (per\u00edodo de Primavera).<\/p>\n\n\n\n<p>Con el arranque del nuevo a\u00f1o, la instituci\u00f3n dar\u00e1 la bienvenida a docentes y personal universitario que retomar\u00e1n sus labores de manera regular despu\u00e9s del receso invernal.<\/p>\n\n\n\n<p>De acuerdo con el calendario de la UAT, el per\u00edodo de inscripciones y reinscripciones permanecer\u00e1 vigente del 5 al 16 de enero de 2026, en tanto que el inicio de clases est\u00e1 programado para el 19 del mismo mes.<\/p>\n\n\n\n<p>En paralelo, durante las primeras semanas del mes, se desarrollar\u00e1n los procesos administrativos correspondientes, como la entrega de actas, los tr\u00e1mites de regularizaci\u00f3n documental y la recepci\u00f3n de solicitudes de becas.<\/p>\n\n\n\n<p>La UAT invita a su comunidad estudiantil a revisar con anticipaci\u00f3n sus horarios, materiales y documentaci\u00f3n requerida, a fin de asegurar un regreso ordenado y puntual.<\/p>\n\n\n\n<p>Asimismo, se recomienda estar atentos a los avisos de cada escuela, facultad o unidad acad\u00e9mica para completar los tr\u00e1mites propios de este inicio de semestre.<\/p>\n\n\n\n<p>Para dudas o informaci\u00f3n adicional sobre procesos escolares, la instituci\u00f3n recuerda que estar\u00e1n disponibles los canales oficiales de atenci\u00f3n de cada plantel universitario, as\u00ed como el portal web y redes sociales oficiales de la UAT, donde se ofrecer\u00e1n actualizaciones y orientaci\u00f3n durante el arranque del per\u00edodo.<\/p>\n\n\n\n<p><\/p>\n","protected":false},"excerpt":{"rendered":"Luego de su receso vacacional de invierno, la Universidad Aut\u00f3noma de Tamaulipas (UAT) reanuda labores este lunes 5 de enero en todas sus dependencias administrativas y acad\u00e9micas, habilitando este mismo d\u00eda el proceso de inscripciones y reinscripciones para el per\u00edodo escolar universitario 2026-1 (per\u00edodo de Primavera). Con el arranque del nuevo a\u00f1o, la instituci\u00f3n dar\u00e1","protected":false},"author":1,"featured_media":3951,"comment_status":"open","ping_status":"open","sticky":false,"template":"","format":"standard","meta":{"_monsterinsights_skip_tracking":false,"_monsterinsights_sitenote_active":false,"_monsterinsights_sitenote_note":"","_monsterinsights_sitenote_category":0,"footnotes":""},"categories":[1],"tags":[],"class_list":["post-3948","post","type-post","status-publish","format-standard","has-post-thumbnail","hentry","category-uncategorized"],"aioseo_notices":[],"amp_enabled":true,"_links":{"self":[{"href":"https:\/\/tamaulipasmiregion.com\/index.php?rest_route=\/wp\/v2\/posts\/3948","targetHints":{"allow":["GET"]}}],"collection":[{"href":"https:\/\/tamaulipasmiregion.com\/index.php?rest_route=\/wp\/v2\/posts"}],"about":[{"href":"https:\/\/tamaulipasmiregion.com\/index.php?rest_route=\/wp\/v2\/types\/post"}],"author":[{"embeddable":true,"href":"https:\/\/tamaulipasmiregion.com\/index.php?rest_route=\/wp\/v2\/users\/1"}],"replies":[{"embeddable":true,"href":"https:\/\/tamaulipasmiregion.com\/index.php?rest_route=%2Fwp%2Fv2%2Fcomments&post=3948"}],"version-history":[{"count":2,"href":"https:\/\/tamaulipasmiregion.com\/index.php?rest_route=\/wp\/v2\/posts\/3948\/revisions"}],"predecessor-version":[{"id":3953,"href":"https:\/\/tamaulipasmiregion.com\/index.php?rest_route=\/wp\/v2\/posts\/3948\/revisions\/3953"}],"wp:featuredmedia":[{"embeddable":true,"href":"https:\/\/tamaulipasmiregion.com\/index.php?rest_route=\/wp\/v2\/media\/3951"}],"wp:attachment":[{"href":"https:\/\/tamaulipasmiregion.com\/index.php?rest_route=%2Fwp%2Fv2%2Fmedia&parent=3948"}],"wp:term":[{"taxonomy":"category","embeddable":true,"href":"https:\/\/tamaulipasmiregion.com\/index.php?rest_route=%2Fwp%2Fv2%2Fcategories&post=3948"},{"taxonomy":"post_tag","embeddable":true,"href":"https:\/\/tamaulipasmiregion.com\/index.php?rest_route=%2Fwp%2Fv2%2Ftags&post=3948"}],"curies":[{"name":"wp","href":"https:\/\/api.w.org\/{rel}","templated":true}]}}