{"id":3962,"date":"2026-01-05T22:54:00","date_gmt":"2026-01-05T22:54:00","guid":{"rendered":"https:\/\/tamaulipasmiregion.com\/?p=3962"},"modified":"2026-02-12T22:58:07","modified_gmt":"2026-02-12T22:58:07","slug":"en-2026-la-uat-continuara-con-su-crecimiento-damaso-anaya","status":"publish","type":"post","link":"https:\/\/tamaulipasmiregion.com\/?p=3962","title":{"rendered":"En 2026 la UAT continuar\u00e1 con su crecimiento: D\u00e1maso Anaya"},"content":{"rendered":"\n<p>En el inicio de las actividades administrativas de la Universidad Aut\u00f3noma de Tamaulipas (UAT), el rector D\u00e1maso Anaya Alvarado realiz\u00f3, este lunes 5 de enero, un recorrido por diversas \u00e1reas del Campus Victoria.&nbsp;<\/p>\n\n\n\n<p>El rector D\u00e1maso Anaya visit\u00f3 distintas direcciones, secretar\u00edas y \u00e1reas operativas de la administraci\u00f3n central, donde salud\u00f3 al personal universitario y constat\u00f3 la reanudaci\u00f3n de las funciones y procesos internos previo al arranque del ciclo escolar 2026-I de esta casa de estudios.&nbsp;<\/p>\n\n\n\n<p>A lo largo del recorrido, D\u00e1maso Anaya sostuvo un di\u00e1logo cercano con el personal administrativo, destacando su relevancia en el funcionamiento de la Universidad, y reconoci\u00f3 su compromiso para contribuir al cumplimiento de las metas institucionales.&nbsp;<\/p>\n\n\n\n<p>Destac\u00f3 el prop\u00f3sito de desearles a los universitarios un excelente 2026, subrayando que este inicio de actividades representa una etapa para redoblar esfuerzos, fortalecer el trabajo coordinado entre las distintas \u00e1reas y avanzar en los objetivos planteados para el crecimiento y mejora continua de la instituci\u00f3n.<\/p>\n\n\n\n<p>Record\u00f3 que este d\u00eda tambi\u00e9n es el inicio del periodo de inscripciones en las diferentes escuelas, facultades y unidades acad\u00e9micas, luego de mencionar que el pr\u00f3ximo 19 de enero se pondr\u00e1n en marcha las clases en la UAT.<\/p>\n\n\n\n<p>Puntualiz\u00f3 que este a\u00f1o se seguir\u00e1 trabajando en fortalecer la academia, el posgrado y la investigaci\u00f3n, as\u00ed como sus procesos administrativos, con miras a ofrecer mejores servicios educativos a la comunidad tamaulipeca, y continuar siendo la mejor opci\u00f3n de estudios de nivel superior en la entidad.<\/p>\n","protected":false},"excerpt":{"rendered":"En el inicio de las actividades administrativas de la Universidad Aut\u00f3noma de Tamaulipas (UAT), el rector D\u00e1maso Anaya Alvarado realiz\u00f3, este lunes 5 de enero, un recorrido por diversas \u00e1reas del Campus Victoria.&nbsp; El rector D\u00e1maso Anaya visit\u00f3 distintas direcciones, secretar\u00edas y \u00e1reas operativas de la administraci\u00f3n central, donde salud\u00f3 al personal universitario y constat\u00f3","protected":false},"author":1,"featured_media":3963,"comment_status":"open","ping_status":"open","sticky":false,"template":"","format":"standard","meta":{"_monsterinsights_skip_tracking":false,"_monsterinsights_sitenote_active":false,"_monsterinsights_sitenote_note":"","_monsterinsights_sitenote_category":0,"footnotes":""},"categories":[1],"tags":[],"class_list":["post-3962","post","type-post","status-publish","format-standard","has-post-thumbnail","hentry","category-uncategorized"],"aioseo_notices":[],"amp_enabled":true,"_links":{"self":[{"href":"https:\/\/tamaulipasmiregion.com\/index.php?rest_route=\/wp\/v2\/posts\/3962","targetHints":{"allow":["GET"]}}],"collection":[{"href":"https:\/\/tamaulipasmiregion.com\/index.php?rest_route=\/wp\/v2\/posts"}],"about":[{"href":"https:\/\/tamaulipasmiregion.com\/index.php?rest_route=\/wp\/v2\/types\/post"}],"author":[{"embeddable":true,"href":"https:\/\/tamaulipasmiregion.com\/index.php?rest_route=\/wp\/v2\/users\/1"}],"replies":[{"embeddable":true,"href":"https:\/\/tamaulipasmiregion.com\/index.php?rest_route=%2Fwp%2Fv2%2Fcomments&post=3962"}],"version-history":[{"count":1,"href":"https:\/\/tamaulipasmiregion.com\/index.php?rest_route=\/wp\/v2\/posts\/3962\/revisions"}],"predecessor-version":[{"id":3970,"href":"https:\/\/tamaulipasmiregion.com\/index.php?rest_route=\/wp\/v2\/posts\/3962\/revisions\/3970"}],"wp:featuredmedia":[{"embeddable":true,"href":"https:\/\/tamaulipasmiregion.com\/index.php?rest_route=\/wp\/v2\/media\/3963"}],"wp:attachment":[{"href":"https:\/\/tamaulipasmiregion.com\/index.php?rest_route=%2Fwp%2Fv2%2Fmedia&parent=3962"}],"wp:term":[{"taxonomy":"category","embeddable":true,"href":"https:\/\/tamaulipasmiregion.com\/index.php?rest_route=%2Fwp%2Fv2%2Fcategories&post=3962"},{"taxonomy":"post_tag","embeddable":true,"href":"https:\/\/tamaulipasmiregion.com\/index.php?rest_route=%2Fwp%2Fv2%2Ftags&post=3962"}],"curies":[{"name":"wp","href":"https:\/\/api.w.org\/{rel}","templated":true}]}}