{"id":4093,"date":"2025-09-05T21:59:32","date_gmt":"2025-09-05T21:59:32","guid":{"rendered":"https:\/\/tamaulipasmiregion.com\/?p=4093"},"modified":"2026-02-17T22:00:56","modified_gmt":"2026-02-17T22:00:56","slug":"familia-uat-entrega-donativo-en-apoyo-a-la-salud-de-la-pequena-natalia","status":"publish","type":"post","link":"https:\/\/tamaulipasmiregion.com\/?p=4093","title":{"rendered":"Familia UAT entrega donativo en apoyo a la salud de la peque\u00f1a Natalia"},"content":{"rendered":"\n<p><br>En un emotivo acto que refleja el compromiso social de la Universidad Aut\u00f3noma de Tamaulipas<br>con la inclusi\u00f3n y el bienestar de las familias universitarias, el rector D\u00e1maso Anaya Alvarado y su<br>esposa, Lic. Isolda Rend\u00f3n de Anaya, presidenta de Familia UAT, entregaron un donativo que ser\u00e1<br>destinado a apoyar la salud de la peque\u00f1a Natalia Guadalupe Campos Sol\u00eds, quien, recientemente,<br>concluy\u00f3 su educaci\u00f3n preescolar en el Centro de Desarrollo Infantil (CENDI UAT) en Ciudad Victoria.<br>El donativo, por un monto de cuarenta y cuatro mil cuatrocientos veintid\u00f3s pesos con cincuenta<br>centavos, fue recaudado gracias a la solidaridad de la comunidad universitaria y de la sociedad a<br>trav\u00e9s de una iniciativa con causa que fue organizada por el Voluntariado de esta casa de estudios,<br>cuyos recursos ser\u00e1n destinados a contribuir con el proceso de dos cirug\u00edas de cadera que requiere<br>la peque\u00f1a Natalia para mejorar su calidad de vida.<br>En las oficinas de la rector\u00eda, D\u00e1maso Anaya y su esposa recibieron a Natalia y a sus pap\u00e1s,<br>destacando que este apoyo simboliza el esp\u00edritu de unidad y solidaridad que distingue a la UAT, al<br>tiempo que reiteraron el compromiso de la instituci\u00f3n con el bienestar de las familias universitarias.<br>El rector expres\u00f3 que este donativo representa tambi\u00e9n un mensaje de esperanza para todas las<br>familias que enfrentan retos extraordinarios, reiterando que la UAT mantiene firme su compromiso<br>de fomentar una educaci\u00f3n inclusiva, sensible y de puertas abiertas, que permita a ni\u00f1as y ni\u00f1os<br>desarrollarse plenamente, independientemente de sus condiciones de vida o de salud.<br>Natalia, quien fue diagnosticada con par\u00e1lisis cerebral infantil (PCI), epilepsia y cadera subluxada,<br>culmin\u00f3 recientemente su educaci\u00f3n preescolar en el CENDI UAT Victoria, donde, con entusiasmo y<br>constancia, logr\u00f3 importantes avances que hoy son motivo de orgullo para sus padres y para la<br>comunidad educativa que la acompa\u00f1\u00f3 en esta etapa.<br>Durante el encuentro, sus padres, Patricia Sol\u00eds Vega y C\u00e9sar Campos Ramos, trabajadores de la<br>Universidad, expresaron su agradecimiento al rector, a la presidenta de Familia UAT y al<br>R-AP-01-34-01 Ver. 2<br>ACT. 19\/07\/2024<br>Voluntariado Universitario, resaltando que el acompa\u00f1amiento de la instituci\u00f3n ha sido cercano y<br>solidario en cada momento.<br>Se\u00f1alaron que la solidaridad demostrada por la instituci\u00f3n los hace sentirse orgullosos de<br>pertenecer a la UAT, convencidos de que, con este apoyo, su hija podr\u00e1 seguir alcanzando nuevas<br>metas.<br>Tras su egreso del CENDI, Natalia iniciar\u00e1 su formaci\u00f3n en educaci\u00f3n primaria, etapa en la que<br>contar\u00e1 con la atenci\u00f3n y acompa\u00f1amiento necesarios para continuar su aprendizaje, mientras su<br>familia se prepara para afrontar el proceso de las cirug\u00edas que requiere. El gesto impulsado por el<br>rector D\u00e1maso Anaya y la Lic. Isolda Rend\u00f3n se suma a las acciones institucionales que impulsan la<br>transformaci\u00f3n de vidas, y consolidan a la UAT como una instituci\u00f3n cercana, incluyente y<br>comprometida con su comunidad.<\/p>\n","protected":false},"excerpt":{"rendered":"En un emotivo acto que refleja el compromiso social de la Universidad Aut\u00f3noma de Tamaulipascon la inclusi\u00f3n y el bienestar de las familias universitarias, el rector D\u00e1maso Anaya Alvarado y suesposa, Lic. Isolda Rend\u00f3n de Anaya, presidenta de Familia UAT, entregaron un donativo que ser\u00e1destinado a apoyar la salud de la peque\u00f1a Natalia Guadalupe Campos","protected":false},"author":1,"featured_media":4094,"comment_status":"open","ping_status":"open","sticky":false,"template":"","format":"standard","meta":{"_monsterinsights_skip_tracking":false,"_monsterinsights_sitenote_active":false,"_monsterinsights_sitenote_note":"","_monsterinsights_sitenote_category":0,"footnotes":""},"categories":[3],"tags":[],"class_list":["post-4093","post","type-post","status-publish","format-standard","has-post-thumbnail","hentry","category-noticias"],"aioseo_notices":[],"amp_enabled":true,"_links":{"self":[{"href":"https:\/\/tamaulipasmiregion.com\/index.php?rest_route=\/wp\/v2\/posts\/4093","targetHints":{"allow":["GET"]}}],"collection":[{"href":"https:\/\/tamaulipasmiregion.com\/index.php?rest_route=\/wp\/v2\/posts"}],"about":[{"href":"https:\/\/tamaulipasmiregion.com\/index.php?rest_route=\/wp\/v2\/types\/post"}],"author":[{"embeddable":true,"href":"https:\/\/tamaulipasmiregion.com\/index.php?rest_route=\/wp\/v2\/users\/1"}],"replies":[{"embeddable":true,"href":"https:\/\/tamaulipasmiregion.com\/index.php?rest_route=%2Fwp%2Fv2%2Fcomments&post=4093"}],"version-history":[{"count":1,"href":"https:\/\/tamaulipasmiregion.com\/index.php?rest_route=\/wp\/v2\/posts\/4093\/revisions"}],"predecessor-version":[{"id":4095,"href":"https:\/\/tamaulipasmiregion.com\/index.php?rest_route=\/wp\/v2\/posts\/4093\/revisions\/4095"}],"wp:featuredmedia":[{"embeddable":true,"href":"https:\/\/tamaulipasmiregion.com\/index.php?rest_route=\/wp\/v2\/media\/4094"}],"wp:attachment":[{"href":"https:\/\/tamaulipasmiregion.com\/index.php?rest_route=%2Fwp%2Fv2%2Fmedia&parent=4093"}],"wp:term":[{"taxonomy":"category","embeddable":true,"href":"https:\/\/tamaulipasmiregion.com\/index.php?rest_route=%2Fwp%2Fv2%2Fcategories&post=4093"},{"taxonomy":"post_tag","embeddable":true,"href":"https:\/\/tamaulipasmiregion.com\/index.php?rest_route=%2Fwp%2Fv2%2Ftags&post=4093"}],"curies":[{"name":"wp","href":"https:\/\/api.w.org\/{rel}","templated":true}]}}