{"id":4107,"date":"2025-09-09T22:20:00","date_gmt":"2025-09-09T22:20:00","guid":{"rendered":"https:\/\/tamaulipasmiregion.com\/?p=4107"},"modified":"2026-02-17T22:21:12","modified_gmt":"2026-02-17T22:21:12","slug":"rector-y-estudiantes-de-la-uat-comparten-jornada-universitaria","status":"publish","type":"post","link":"https:\/\/tamaulipasmiregion.com\/?p=4107","title":{"rendered":"Rector y estudiantes de la UAT comparten jornada universitaria"},"content":{"rendered":"\n<p><\/p>\n\n\n\n<p>Con el prop\u00f3sito de consolidar una relaci\u00f3n m\u00e1s cercana con la comunidad universitaria, el rector de la Universidad Aut\u00f3noma de Tamaulipas (UAT), D\u00e1maso Anaya Alvarado, visit\u00f3 la Facultad de Comercio y Administraci\u00f3n Victoria (FCAV), en un encuentro directo con estudiantes, docentes y personal administrativo de este plantel.<br>Este recorrido, denominado \u201cUn d\u00eda con tu rector\u201d, que se llevar\u00e1 a las 27 dependencias acad\u00e9micas de la UAT, forma parte de las acciones que promueve D\u00e1maso Anaya para estrechar los lazos y escuchar de manera directa a la comunidad estudiantil, conocer sus proyectos y reforzar el acompa\u00f1amiento institucional en las diferentes \u00e1reas que fortalecen su formaci\u00f3n integral.<br>A su llegada, el rector fue recibido por el director de la FCAV, Jes\u00fas Gerardo Delgado Rivas, iniciando una jornada en donde comparti\u00f3 con las y los j\u00f3venes un di\u00e1logo abierto y constructivo que permiti\u00f3 atender inquietudes y reconocer las iniciativas que impulsan desde los \u00e1mbitos acad\u00e9mico, cultural, deportivo y de emprendimiento.<br>El rector de la UAT recorri\u00f3 instalaciones acad\u00e9micas, \u00e1reas de convivencia y espacios deportivos, donde dialog\u00f3 con estudiantes sobre sus experiencias formativas y sus aspiraciones profesionales. Tambi\u00e9n conoci\u00f3 de primera mano proyectos estudiantiles adem\u00e1s de interactuar con grupos que participan en actividades extraescolares.<br>Como parte de su visita, entreg\u00f3 a la Facultad de Comercio y Administraci\u00f3n Victoria una unidad de transporte tipo van, destinada a mejorar la movilidad de estudiantes y docentes en sus actividades.<br>Durante los encuentros, subray\u00f3 la importancia de propiciar una Universidad m\u00e1s participativa, en la que se fortalezcan los valores de innovaci\u00f3n, compromiso social y responsabilidad ambiental, se\u00f1alando que se busca mantener un contacto permanente con la comunidad estudiantil, escuchando de cerca sus opiniones, inquietudes y proyectos para seguir construyendo una instituci\u00f3n que responda a los retos de la sociedad actual.<br>La visita del rector D\u00e1maso Anaya constituye un ejemplo del liderazgo cercano que impulsa la Universidad Aut\u00f3noma de Tamaulipas, orientado a fortalecer los lazos con su comunidad y a promover el desarrollo integral de la juventud tamaulipeca.<\/p>\n","protected":false},"excerpt":{"rendered":"Con el prop\u00f3sito de consolidar una relaci\u00f3n m\u00e1s cercana con la comunidad universitaria, el rector de la Universidad Aut\u00f3noma de Tamaulipas (UAT), D\u00e1maso Anaya Alvarado, visit\u00f3 la Facultad de Comercio y Administraci\u00f3n Victoria (FCAV), en un encuentro directo con estudiantes, docentes y personal administrativo de este plantel.Este recorrido, denominado \u201cUn d\u00eda con tu rector\u201d, que","protected":false},"author":1,"featured_media":4108,"comment_status":"open","ping_status":"open","sticky":false,"template":"","format":"standard","meta":{"_monsterinsights_skip_tracking":false,"_monsterinsights_sitenote_active":false,"_monsterinsights_sitenote_note":"","_monsterinsights_sitenote_category":0,"footnotes":""},"categories":[3],"tags":[],"class_list":["post-4107","post","type-post","status-publish","format-standard","has-post-thumbnail","hentry","category-noticias"],"aioseo_notices":[],"amp_enabled":true,"_links":{"self":[{"href":"https:\/\/tamaulipasmiregion.com\/index.php?rest_route=\/wp\/v2\/posts\/4107","targetHints":{"allow":["GET"]}}],"collection":[{"href":"https:\/\/tamaulipasmiregion.com\/index.php?rest_route=\/wp\/v2\/posts"}],"about":[{"href":"https:\/\/tamaulipasmiregion.com\/index.php?rest_route=\/wp\/v2\/types\/post"}],"author":[{"embeddable":true,"href":"https:\/\/tamaulipasmiregion.com\/index.php?rest_route=\/wp\/v2\/users\/1"}],"replies":[{"embeddable":true,"href":"https:\/\/tamaulipasmiregion.com\/index.php?rest_route=%2Fwp%2Fv2%2Fcomments&post=4107"}],"version-history":[{"count":2,"href":"https:\/\/tamaulipasmiregion.com\/index.php?rest_route=\/wp\/v2\/posts\/4107\/revisions"}],"predecessor-version":[{"id":4110,"href":"https:\/\/tamaulipasmiregion.com\/index.php?rest_route=\/wp\/v2\/posts\/4107\/revisions\/4110"}],"wp:featuredmedia":[{"embeddable":true,"href":"https:\/\/tamaulipasmiregion.com\/index.php?rest_route=\/wp\/v2\/media\/4108"}],"wp:attachment":[{"href":"https:\/\/tamaulipasmiregion.com\/index.php?rest_route=%2Fwp%2Fv2%2Fmedia&parent=4107"}],"wp:term":[{"taxonomy":"category","embeddable":true,"href":"https:\/\/tamaulipasmiregion.com\/index.php?rest_route=%2Fwp%2Fv2%2Fcategories&post=4107"},{"taxonomy":"post_tag","embeddable":true,"href":"https:\/\/tamaulipasmiregion.com\/index.php?rest_route=%2Fwp%2Fv2%2Ftags&post=4107"}],"curies":[{"name":"wp","href":"https:\/\/api.w.org\/{rel}","templated":true}]}}