{"id":4111,"date":"2025-09-10T22:26:34","date_gmt":"2025-09-10T22:26:34","guid":{"rendered":"https:\/\/tamaulipasmiregion.com\/?p=4111"},"modified":"2026-02-17T22:27:38","modified_gmt":"2026-02-17T22:27:38","slug":"anuncia-la-uat-edicion-2025-de-la-feria-del-libro","status":"publish","type":"post","link":"https:\/\/tamaulipasmiregion.com\/?p=4111","title":{"rendered":"Anuncia la UAT edici\u00f3n 2025 de la Feria del Libro"},"content":{"rendered":"\n<p><br>Con el prop\u00f3sito de fomentar la lectura, el acceso al conocimiento y la promoci\u00f3n de la cultura, la Universidad Aut\u00f3noma de Tamaulipas dio a conocer la pr\u00f3xima edici\u00f3n de la Feria del Libro UAT 2025, que se llevar\u00e1 a cabo del 25 de octubre al 2 de noviembre, en el Centro Universitario Sur (Campus Tampico).<br>Bajo la gesti\u00f3n del rector, D\u00e1maso Anaya Alvarado, la Feria del Libro se consolida como un referente cultural de gran impacto en la regi\u00f3n, al reunir, en un mismo espacio, a lectores, escritores, editoriales, instituciones educativas y p\u00fablico en general.<br>Esta edici\u00f3n contempla una amplia programaci\u00f3n de actividades dirigidas a p\u00fablicos de todas las edades, con la participaci\u00f3n de reconocidas editoriales del pa\u00eds, autores de prestigio, conferencistas, investigadores y artistas, as\u00ed como la colaboraci\u00f3n de dependencias universitarias, municipios y empresas que suman esfuerzos para enriquecer la experiencia de los visitantes.<br>Con entrada gratuita, la Feria del Libro UAT 2025 se proyecta como un evento de gran trascendencia social y cultural, reafirmando a la Universidad Aut\u00f3noma de Tamaulipas como un actor fundamental en la promoci\u00f3n de la lectura, la cultura y el conocimiento en beneficio de la sociedad.<br>El Campus Universitario Sur fungir\u00e1 como recinto ferial en un espacio gratuito e incluyente, abierto a toda la comunidad y a las familias, mediante \u00e1reas tem\u00e1ticas como la zona infantil, juvenil y el foro cultural, adem\u00e1s de pabellones que albergar\u00e1n a las principales editoriales del pa\u00eds, estands de dependencias acad\u00e9micas, municipios e instituciones.<br>Tambi\u00e9n incluye espacios interactivos como el t\u00fanel conmemorativo del 75 aniversario de la UAT, zonas de emprendimiento, \u00e1reas de juegos y actividades al aire libre, complementados con espect\u00e1culos art\u00edsticos y musicales.<br>Durante nueve d\u00edas la agenda cultural contempla presentaciones editoriales, conferencias magistrales, conversatorios con escritores y acad\u00e9micos, as\u00ed como muestras de danza, teatro y m\u00fasica. De igual forma, se contar\u00e1 con espacios dedicados a la divulgaci\u00f3n cient\u00edfica y acad\u00e9mica, adem\u00e1s de talleres de fomento a la lectura para ni\u00f1os y j\u00f3venes.<br>Para m\u00e1s informaci\u00f3n consultar las redes sociales oficiales de la Feria del Libro UAT y en el sitio web oficial www.uat.edu.mx\/feriadellibro.<\/p>\n","protected":false},"excerpt":{"rendered":"Con el prop\u00f3sito de fomentar la lectura, el acceso al conocimiento y la promoci\u00f3n de la cultura, la Universidad Aut\u00f3noma de Tamaulipas dio a conocer la pr\u00f3xima edici\u00f3n de la Feria del Libro UAT 2025, que se llevar\u00e1 a cabo del 25 de octubre al 2 de noviembre, en el Centro Universitario Sur (Campus Tampico).Bajo","protected":false},"author":1,"featured_media":4112,"comment_status":"open","ping_status":"open","sticky":false,"template":"","format":"standard","meta":{"_monsterinsights_skip_tracking":false,"_monsterinsights_sitenote_active":false,"_monsterinsights_sitenote_note":"","_monsterinsights_sitenote_category":0,"footnotes":""},"categories":[3],"tags":[],"class_list":["post-4111","post","type-post","status-publish","format-standard","has-post-thumbnail","hentry","category-noticias"],"aioseo_notices":[],"amp_enabled":true,"_links":{"self":[{"href":"https:\/\/tamaulipasmiregion.com\/index.php?rest_route=\/wp\/v2\/posts\/4111","targetHints":{"allow":["GET"]}}],"collection":[{"href":"https:\/\/tamaulipasmiregion.com\/index.php?rest_route=\/wp\/v2\/posts"}],"about":[{"href":"https:\/\/tamaulipasmiregion.com\/index.php?rest_route=\/wp\/v2\/types\/post"}],"author":[{"embeddable":true,"href":"https:\/\/tamaulipasmiregion.com\/index.php?rest_route=\/wp\/v2\/users\/1"}],"replies":[{"embeddable":true,"href":"https:\/\/tamaulipasmiregion.com\/index.php?rest_route=%2Fwp%2Fv2%2Fcomments&post=4111"}],"version-history":[{"count":1,"href":"https:\/\/tamaulipasmiregion.com\/index.php?rest_route=\/wp\/v2\/posts\/4111\/revisions"}],"predecessor-version":[{"id":4113,"href":"https:\/\/tamaulipasmiregion.com\/index.php?rest_route=\/wp\/v2\/posts\/4111\/revisions\/4113"}],"wp:featuredmedia":[{"embeddable":true,"href":"https:\/\/tamaulipasmiregion.com\/index.php?rest_route=\/wp\/v2\/media\/4112"}],"wp:attachment":[{"href":"https:\/\/tamaulipasmiregion.com\/index.php?rest_route=%2Fwp%2Fv2%2Fmedia&parent=4111"}],"wp:term":[{"taxonomy":"category","embeddable":true,"href":"https:\/\/tamaulipasmiregion.com\/index.php?rest_route=%2Fwp%2Fv2%2Fcategories&post=4111"},{"taxonomy":"post_tag","embeddable":true,"href":"https:\/\/tamaulipasmiregion.com\/index.php?rest_route=%2Fwp%2Fv2%2Ftags&post=4111"}],"curies":[{"name":"wp","href":"https:\/\/api.w.org\/{rel}","templated":true}]}}