{"id":4180,"date":"2025-09-27T20:57:09","date_gmt":"2025-09-27T20:57:09","guid":{"rendered":"https:\/\/tamaulipasmiregion.com\/?p=4180"},"modified":"2026-02-18T20:57:45","modified_gmt":"2026-02-18T20:57:45","slug":"celebra-la-uat-el-encuentro-de-exalumnos-transformando-vidas","status":"publish","type":"post","link":"https:\/\/tamaulipasmiregion.com\/?p=4180","title":{"rendered":"Celebra la UAT el encuentro de exalumnos \u201cTransformando Vidas\u201d\u00a0"},"content":{"rendered":"\n<p><\/p>\n\n\n\n<p>La Universidad Aut\u00f3noma de Tamaulipas (UAT), a trav\u00e9s del Centro de Idiomas para la Ni\u00f1ez y la Adolescencia (CEINA), celebr\u00f3 el encuentro de exestudiantes \u201cTransformando Vidas\u201d, un espacio dedicado a compartir experiencias de formaci\u00f3n y a reflexionar sobre c\u00f3mo el aprendizaje de idiomas abre nuevas oportunidades acad\u00e9micas, profesionales y personales.&nbsp;<\/p>\n\n\n\n<p>Exalumnos como Hugo Garza, Nahomi Valentina Medina R\u00edos, Velkan Yael Molina Espinosa, Alejandra Hern\u00e1ndez Galindo, Adriana Mota Guerrero, Agust\u00edn Hern\u00e1ndez Escobar y Gerardo Rodr\u00edguez Cu\u00e9llar regresaron al CEINA para relatar c\u00f3mo su paso por la instituci\u00f3n fortaleci\u00f3 sus habilidades en ingl\u00e9s y franc\u00e9s, permiti\u00e9ndoles alcanzar metas importantes como intercambios culturales, estancias acad\u00e9micas en el extranjero y desarrollo profesional.&nbsp;<\/p>\n\n\n\n<p>Compartieron c\u00f3mo su formaci\u00f3n en el CEINA les permiti\u00f3 acceder a experiencias internacionales, incluyendo intercambios culturales en Disney, estancias acad\u00e9micas en Canad\u00e1 y estudios en universidades como la de Chicago, evidenciando que el dominio de un segundo idioma les abri\u00f3 puertas en sus trayectorias acad\u00e9micas y profesionales, adem\u00e1s de contribuir a su desarrollo personal.&nbsp;<\/p>\n\n\n\n<p>En su intervenci\u00f3n, la directora del CEINA UAT, Edith Maldonado D\u00edaz, destac\u00f3 que el encuentro, efectuado dentro de las actividades por el decimosexto aniversario de la creaci\u00f3n de este centro educativo, tiene como prop\u00f3sito reconocer el esfuerzo y compromiso de sus exalumnos.&nbsp;<\/p>\n\n\n\n<p>El encuentro reafirm\u00f3 la importancia de la educaci\u00f3n internacional y el aprendizaje de idiomas como motores de desarrollo y oportunidades, motivando a los estudiantes actuales a inspirarse en los logros de quienes han transformado sus vidas gracias al CEINA UAT.&nbsp;<\/p>\n\n\n\n<p>Con esta celebraci\u00f3n, la Universidad Aut\u00f3noma de Tamaulipas reconoce no solo el legado de su centro de idiomas, sino tambi\u00e9n la capacidad de sus egresados para abrir nuevas puertas y continuar&nbsp;<\/p>\n\n\n\n<p>llevando lejos el nombre de la instituci\u00f3n, consolidando un espacio de aprendizaje, desarrollo personal y crecimiento profesional.<\/p>\n","protected":false},"excerpt":{"rendered":"La Universidad Aut\u00f3noma de Tamaulipas (UAT), a trav\u00e9s del Centro de Idiomas para la Ni\u00f1ez y la Adolescencia (CEINA), celebr\u00f3 el encuentro de exestudiantes \u201cTransformando Vidas\u201d, un espacio dedicado a compartir experiencias de formaci\u00f3n y a reflexionar sobre c\u00f3mo el aprendizaje de idiomas abre nuevas oportunidades acad\u00e9micas, profesionales y personales.&nbsp; Exalumnos como Hugo Garza, Nahomi","protected":false},"author":1,"featured_media":4181,"comment_status":"open","ping_status":"open","sticky":false,"template":"","format":"standard","meta":{"_monsterinsights_skip_tracking":false,"_monsterinsights_sitenote_active":false,"_monsterinsights_sitenote_note":"","_monsterinsights_sitenote_category":0,"footnotes":""},"categories":[3],"tags":[],"class_list":["post-4180","post","type-post","status-publish","format-standard","has-post-thumbnail","hentry","category-noticias"],"aioseo_notices":[],"amp_enabled":true,"_links":{"self":[{"href":"https:\/\/tamaulipasmiregion.com\/index.php?rest_route=\/wp\/v2\/posts\/4180","targetHints":{"allow":["GET"]}}],"collection":[{"href":"https:\/\/tamaulipasmiregion.com\/index.php?rest_route=\/wp\/v2\/posts"}],"about":[{"href":"https:\/\/tamaulipasmiregion.com\/index.php?rest_route=\/wp\/v2\/types\/post"}],"author":[{"embeddable":true,"href":"https:\/\/tamaulipasmiregion.com\/index.php?rest_route=\/wp\/v2\/users\/1"}],"replies":[{"embeddable":true,"href":"https:\/\/tamaulipasmiregion.com\/index.php?rest_route=%2Fwp%2Fv2%2Fcomments&post=4180"}],"version-history":[{"count":2,"href":"https:\/\/tamaulipasmiregion.com\/index.php?rest_route=\/wp\/v2\/posts\/4180\/revisions"}],"predecessor-version":[{"id":4183,"href":"https:\/\/tamaulipasmiregion.com\/index.php?rest_route=\/wp\/v2\/posts\/4180\/revisions\/4183"}],"wp:featuredmedia":[{"embeddable":true,"href":"https:\/\/tamaulipasmiregion.com\/index.php?rest_route=\/wp\/v2\/media\/4181"}],"wp:attachment":[{"href":"https:\/\/tamaulipasmiregion.com\/index.php?rest_route=%2Fwp%2Fv2%2Fmedia&parent=4180"}],"wp:term":[{"taxonomy":"category","embeddable":true,"href":"https:\/\/tamaulipasmiregion.com\/index.php?rest_route=%2Fwp%2Fv2%2Fcategories&post=4180"},{"taxonomy":"post_tag","embeddable":true,"href":"https:\/\/tamaulipasmiregion.com\/index.php?rest_route=%2Fwp%2Fv2%2Ftags&post=4180"}],"curies":[{"name":"wp","href":"https:\/\/api.w.org\/{rel}","templated":true}]}}