{"id":4184,"date":"2025-09-28T21:02:53","date_gmt":"2025-09-28T21:02:53","guid":{"rendered":"https:\/\/tamaulipasmiregion.com\/?p=4184"},"modified":"2026-02-18T21:04:22","modified_gmt":"2026-02-18T21:04:22","slug":"abre-la-uat-convocatoria-para-estudiar-la-prepa-en-linea","status":"publish","type":"post","link":"https:\/\/tamaulipasmiregion.com\/?p=4184","title":{"rendered":"Abre la UAT convocatoria para estudiar la prepa en l\u00ednea\u00a0"},"content":{"rendered":"\n<p><\/p>\n\n\n\n<p>La Universidad Aut\u00f3noma de Tamaulipas (UAT) abri\u00f3 la convocatoria para ingresar al Programa de Bachillerato Virtual, que dar\u00e1 la oportunidad de estudiar en un modelo flexible, innovador y transformador en el nivel medio superior.&nbsp;<\/p>\n\n\n\n<p>El rector de la UAT, D\u00e1maso Anaya Alvarado, dio a conocer la apertura de este programa reafirmando el compromiso de ampliar la cobertura de bachillerato en beneficio de los j\u00f3venes, y de brindar un acceso equitativo a quienes, por alguna raz\u00f3n, no han podido concluir sus estudios de preparatoria.&nbsp;<\/p>\n\n\n\n<p>Explic\u00f3 que, el nuevo modelo, aprobado recientemente por la Asamblea Universitaria, est\u00e1 dirigido a personas mayores de 18 a\u00f1os que no han concluido sus estudios de preparatoria y que buscan una alternativa accesible para avanzar en su preparaci\u00f3n acad\u00e9mica.&nbsp;<\/p>\n\n\n\n<p>Dijo que la preparatoria en l\u00ednea permitir\u00e1 que estudiantes de Tamaulipas, y de cualquier parte del pa\u00eds, se integren a este esquema formativo, dise\u00f1ado para responder a las necesidades actuales de la sociedad.&nbsp;<\/p>\n\n\n\n<p>El plan de estudios tiene una duraci\u00f3n de dos a\u00f1os en modalidad cuatrimestral, mediante asignaturas en humanidades, ciencias exactas, sociales, naturales y de la salud, incorporando ejes de innovaci\u00f3n, sostenibilidad, cultura digital, \u00e9tica y derechos humanos, lo que consolida un modelo flexible e innovador que impulsa habilidades cr\u00edticas, creativas y tecnol\u00f3gicas.&nbsp;<\/p>\n\n\n\n<p>El proceso de registro permanecer\u00e1 abierto hasta el 19 de octubre de 2025 a trav\u00e9s del sitio oficial: https:\/\/bachilleratovirtual.uat.edu.mx, donde tambi\u00e9n puede ser consultada la convocatoria.&nbsp;<\/p>\n\n\n\n<p>Los aspirantes deber\u00e1n contar con certificado de secundaria, acta de nacimiento, CURP, RFC, identificaci\u00f3n oficial y una fotograf\u00eda digital. Es indispensable disponer de equipo de c\u00f3mputo o dispositivo m\u00f3vil con acceso a internet.&nbsp;<\/p>\n\n\n\n<p>El curso proped\u00e9utico de inducci\u00f3n ser\u00e1 del 20 de octubre al 14 de noviembre de 2025, en el cual recibir\u00e1n orientaci\u00f3n y capacitaci\u00f3n para familiarizarse con el entorno digital y con el modelo de educaci\u00f3n virtual. Las inscripciones se llevar\u00e1n a cabo del 17 de noviembre de 2025 al 16 de enero de 2026, y el primer semestre dar\u00e1 inicio en enero de 2026.<\/p>\n","protected":false},"excerpt":{"rendered":"La Universidad Aut\u00f3noma de Tamaulipas (UAT) abri\u00f3 la convocatoria para ingresar al Programa de Bachillerato Virtual, que dar\u00e1 la oportunidad de estudiar en un modelo flexible, innovador y transformador en el nivel medio superior.&nbsp; El rector de la UAT, D\u00e1maso Anaya Alvarado, dio a conocer la apertura de este programa reafirmando el compromiso de ampliar","protected":false},"author":1,"featured_media":4185,"comment_status":"open","ping_status":"open","sticky":false,"template":"","format":"standard","meta":{"_monsterinsights_skip_tracking":false,"_monsterinsights_sitenote_active":false,"_monsterinsights_sitenote_note":"","_monsterinsights_sitenote_category":0,"footnotes":""},"categories":[3],"tags":[],"class_list":["post-4184","post","type-post","status-publish","format-standard","has-post-thumbnail","hentry","category-noticias"],"aioseo_notices":[],"amp_enabled":true,"_links":{"self":[{"href":"https:\/\/tamaulipasmiregion.com\/index.php?rest_route=\/wp\/v2\/posts\/4184","targetHints":{"allow":["GET"]}}],"collection":[{"href":"https:\/\/tamaulipasmiregion.com\/index.php?rest_route=\/wp\/v2\/posts"}],"about":[{"href":"https:\/\/tamaulipasmiregion.com\/index.php?rest_route=\/wp\/v2\/types\/post"}],"author":[{"embeddable":true,"href":"https:\/\/tamaulipasmiregion.com\/index.php?rest_route=\/wp\/v2\/users\/1"}],"replies":[{"embeddable":true,"href":"https:\/\/tamaulipasmiregion.com\/index.php?rest_route=%2Fwp%2Fv2%2Fcomments&post=4184"}],"version-history":[{"count":2,"href":"https:\/\/tamaulipasmiregion.com\/index.php?rest_route=\/wp\/v2\/posts\/4184\/revisions"}],"predecessor-version":[{"id":4187,"href":"https:\/\/tamaulipasmiregion.com\/index.php?rest_route=\/wp\/v2\/posts\/4184\/revisions\/4187"}],"wp:featuredmedia":[{"embeddable":true,"href":"https:\/\/tamaulipasmiregion.com\/index.php?rest_route=\/wp\/v2\/media\/4185"}],"wp:attachment":[{"href":"https:\/\/tamaulipasmiregion.com\/index.php?rest_route=%2Fwp%2Fv2%2Fmedia&parent=4184"}],"wp:term":[{"taxonomy":"category","embeddable":true,"href":"https:\/\/tamaulipasmiregion.com\/index.php?rest_route=%2Fwp%2Fv2%2Fcategories&post=4184"},{"taxonomy":"post_tag","embeddable":true,"href":"https:\/\/tamaulipasmiregion.com\/index.php?rest_route=%2Fwp%2Fv2%2Ftags&post=4184"}],"curies":[{"name":"wp","href":"https:\/\/api.w.org\/{rel}","templated":true}]}}