{"id":4200,"date":"2025-10-02T21:25:28","date_gmt":"2025-10-02T21:25:28","guid":{"rendered":"https:\/\/tamaulipasmiregion.com\/?p=4200"},"modified":"2026-02-18T21:26:05","modified_gmt":"2026-02-18T21:26:05","slug":"comparte-el-rector-logros-y-proyectos-con-estudiantes-de-la-facultad-de-derecho-victoria-2","status":"publish","type":"post","link":"https:\/\/tamaulipasmiregion.com\/?p=4200","title":{"rendered":"Comparte el rector logros y proyectos con estudiantes de la Facultad de Derecho Victoria\u00a0"},"content":{"rendered":"\n<p><\/p>\n\n\n\n<p>Al encabezar un recorrido en la Facultad de Derecho y Ciencias Sociales Victoria (FDCSV), el rector D\u00e1maso Anaya Alvarado se reuni\u00f3 con estudiantes, docentes y personal directivo para informar sobre los logros m\u00e1s recientes de la Universidad Aut\u00f3noma de Tamaulipas (UAT), as\u00ed como compartir ideas y propuestas que fortalezcan el desarrollo de la instituci\u00f3n y de la comunidad universitaria.&nbsp;<\/p>\n\n\n\n<p>Durante la visita, que se llev\u00f3 a cabo en el marco de la jornada \u201cUn d\u00eda con tu rector\u201d, D\u00e1maso Anaya fue recibido por el director del plantel, Edy Izaguirre Trevi\u00f1o, y titulares de las diferentes \u00e1reas y coordinaciones de carrera, destac\u00e1ndose el compromiso de reforzar el proyecto institucional de la UAT, seguir creciendo y generar mayores oportunidades para la juventud estudiantil.&nbsp;<\/p>\n\n\n\n<p>Reafirmando su prop\u00f3sito de conocer de cerca las necesidades, proyectos y logros de la comunidad universitaria, el rector constat\u00f3 los avances de las licenciaturas de Derecho, Ciencias de la Comunicaci\u00f3n, Negocios Internacionales y Turismo, as\u00ed como de los posgrados y de la investigaci\u00f3n que impulsa la Facultad.&nbsp;<\/p>\n\n\n\n<p>Asimismo, expuso los logros de la UAT en materia acad\u00e9mica, cient\u00edfica y de vinculaci\u00f3n, se\u00f1alando que se han abierto oportunidades para que los universitarios participen en los proyectos con el Gobierno del Estado, que son esenciales para el desarrollo regional de Tamaulipas.&nbsp;<\/p>\n\n\n\n<p>Entre los proyectos presentados al rector, se expuso el convenio que se plantea con la Universidad Nacional Aut\u00f3noma de M\u00e9xico en materia acad\u00e9mica y cient\u00edfica; tambi\u00e9n se dio a conocer la vinculaci\u00f3n con universidades de Espa\u00f1a y Colombia; y la organizaci\u00f3n del Congreso Internacional de Turismo y Gastronom\u00eda Rural AMESTUR 2026, que se realizar\u00e1 del 7 al 8 de mayo, en Ciudad Victoria.&nbsp;<\/p>\n\n\n\n<p>En su recorrido por las instalaciones, el rector visit\u00f3 los salones de clase y el centro de c\u00f3mputo, donde convers\u00f3 con las y los estudiantes, exhort\u00e1ndolos a que, adem\u00e1s de la educaci\u00f3n de calidad, aprovechen los beneficios y servicios que la Universidad les proporciona para su formaci\u00f3n integral.&nbsp;<\/p>\n\n\n\n<p>Tambi\u00e9n dio la bienvenida a los alumnos de nuevo ingreso, y les expres\u00f3 su benepl\u00e1cito por haber elegido a la UAT, una instituci\u00f3n que, se\u00f1al\u00f3, crece cada vez m\u00e1s en matr\u00edcula y que diversifica su oferta para ser m\u00e1s competente a nivel nacional.&nbsp;<\/p>\n\n\n\n<p>Finalmente, D\u00e1maso Anaya visit\u00f3 el Centro Gastron\u00f3mico y presenci\u00f3 una pr\u00e1ctica de elaboraci\u00f3n de alimentos, donde convivi\u00f3 y dialog\u00f3 con los j\u00f3venes, quienes le agradecieron el compromiso de apoyar los proyectos para mejorar su Facultad.<\/p>\n","protected":false},"excerpt":{"rendered":"Al encabezar un recorrido en la Facultad de Derecho y Ciencias Sociales Victoria (FDCSV), el rector D\u00e1maso Anaya Alvarado se reuni\u00f3 con estudiantes, docentes y personal directivo para informar sobre los logros m\u00e1s recientes de la Universidad Aut\u00f3noma de Tamaulipas (UAT), as\u00ed como compartir ideas y propuestas que fortalezcan el desarrollo de la instituci\u00f3n y","protected":false},"author":1,"featured_media":4201,"comment_status":"open","ping_status":"open","sticky":false,"template":"","format":"standard","meta":{"_monsterinsights_skip_tracking":false,"_monsterinsights_sitenote_active":false,"_monsterinsights_sitenote_note":"","_monsterinsights_sitenote_category":0,"footnotes":""},"categories":[3],"tags":[],"class_list":["post-4200","post","type-post","status-publish","format-standard","has-post-thumbnail","hentry","category-noticias"],"aioseo_notices":[],"amp_enabled":true,"_links":{"self":[{"href":"https:\/\/tamaulipasmiregion.com\/index.php?rest_route=\/wp\/v2\/posts\/4200","targetHints":{"allow":["GET"]}}],"collection":[{"href":"https:\/\/tamaulipasmiregion.com\/index.php?rest_route=\/wp\/v2\/posts"}],"about":[{"href":"https:\/\/tamaulipasmiregion.com\/index.php?rest_route=\/wp\/v2\/types\/post"}],"author":[{"embeddable":true,"href":"https:\/\/tamaulipasmiregion.com\/index.php?rest_route=\/wp\/v2\/users\/1"}],"replies":[{"embeddable":true,"href":"https:\/\/tamaulipasmiregion.com\/index.php?rest_route=%2Fwp%2Fv2%2Fcomments&post=4200"}],"version-history":[{"count":2,"href":"https:\/\/tamaulipasmiregion.com\/index.php?rest_route=\/wp\/v2\/posts\/4200\/revisions"}],"predecessor-version":[{"id":4203,"href":"https:\/\/tamaulipasmiregion.com\/index.php?rest_route=\/wp\/v2\/posts\/4200\/revisions\/4203"}],"wp:featuredmedia":[{"embeddable":true,"href":"https:\/\/tamaulipasmiregion.com\/index.php?rest_route=\/wp\/v2\/media\/4201"}],"wp:attachment":[{"href":"https:\/\/tamaulipasmiregion.com\/index.php?rest_route=%2Fwp%2Fv2%2Fmedia&parent=4200"}],"wp:term":[{"taxonomy":"category","embeddable":true,"href":"https:\/\/tamaulipasmiregion.com\/index.php?rest_route=%2Fwp%2Fv2%2Fcategories&post=4200"},{"taxonomy":"post_tag","embeddable":true,"href":"https:\/\/tamaulipasmiregion.com\/index.php?rest_route=%2Fwp%2Fv2%2Ftags&post=4200"}],"curies":[{"name":"wp","href":"https:\/\/api.w.org\/{rel}","templated":true}]}}