{"id":4287,"date":"2025-10-25T00:33:39","date_gmt":"2025-10-25T00:33:39","guid":{"rendered":"https:\/\/tamaulipasmiregion.com\/?p=4287"},"modified":"2026-02-19T00:35:09","modified_gmt":"2026-02-19T00:35:09","slug":"celebro-la-uat-primer-festival-voces-derechos-y-comunidad","status":"publish","type":"post","link":"https:\/\/tamaulipasmiregion.com\/?p=4287","title":{"rendered":"Celebr\u00f3 la UAT Primer Festival \u201cVoces, Derechos y Comunidad\u201d"},"content":{"rendered":"\n<p><br>Con la participaci\u00f3n de especialistas nacionales e internacionales, la Universidad Aut\u00f3noma de Tamaulipas (UAT) llev\u00f3 a cabo el Primer Foro y Festival Universitario \u201cVoces, Derechos y Comunidad\u201d, en el marco del Encuentro de la Red de Organismos Defensores de los Derechos Universitarios (REDDU), celebrado en el Campus Tampico.<br>El foro reuni\u00f3 a autoridades universitarias, acad\u00e9micos y representantes de organismos internacionales de M\u00e9xico, Brasil y Espa\u00f1a, en un espacio de di\u00e1logo, reflexi\u00f3n y aprendizaje colectivo sobre la paz, los derechos humanos y la convivencia universitaria.<br>Durante los d\u00edas del 22 al 24 de octubre, el evento integr\u00f3 un amplio programa de mesas de di\u00e1logo, conferencias magistrales, talleres y actividades culturales centrado en promover la cultura de paz, la mediaci\u00f3n, la equidad de g\u00e9nero, la inclusi\u00f3n y la convivencia comunitaria.<br>Los asistentes compartieron experiencias y conocimientos en torno a los desaf\u00edos actuales de las defensor\u00edas universitarias, as\u00ed como estrategias para fortalecer entornos educativos m\u00e1s respetuosos, justos y emp\u00e1ticos.<br>A lo largo de las jornadas se abordaron temas como la protecci\u00f3n de los derechos universitarios, los mecanismos de atenci\u00f3n y acompa\u00f1amiento en conflictos estudiantiles, la construcci\u00f3n de comunidades incluyentes y la prevenci\u00f3n de la violencia desde la educaci\u00f3n superior.<br>Los talleres pr\u00e1cticos promovieron la participaci\u00f3n del estudiantado y del personal acad\u00e9mico en la generaci\u00f3n de propuestas que fortalezcan la vida universitaria y fomenten la corresponsabilidad en la defensa de los derechos humanos.<br>La apertura de actividades estuvo a cargo de la secretaria general de la UAT, Mar\u00eda Concepci\u00f3n Placencia Valadez, en representaci\u00f3n del rector D\u00e1maso Anaya Alvarado, quien dio el mensaje inaugural y la bienvenida a ponentes y asistentes, acompa\u00f1ada del titular de la Defensor\u00eda de los Derechos Universitarios de la UAT, Jos\u00e9 de Jes\u00fas Guzm\u00e1n Morales.<br>En este marco, se destac\u00f3 el compromiso de la casa de estudios con la formaci\u00f3n de una comunidad universitaria sustentada en los valores del respeto, la justicia y la empat\u00eda, fomentando, a la vez, espacios para escuchar diversas voces, reconocer las diferencias y construir soluciones colectivas ante los retos que enfrentan las instituciones de educaci\u00f3n superior.<br>Entre las personalidades estuvieron el presidente de la REDDU, Diego Garc\u00eda Ricci, y la secretaria ejecutiva, Guadalupe Barrena N\u00e1jera; la oficial de Derechos Humanos de la Oficina en M\u00e9xico del Alto Comisionado de las Naciones Unidas para los Derechos Humanos (ONUDH), Zoe Janina Pauli; la presidenta de la Comisi\u00f3n de Derechos Humanos del Estado de Tamaulipas, Mar\u00eda Taide Garza Guerra; as\u00ed como la exdefensora de la Universidad de R\u00edo de Janeiro, Cristina Ayoub Riche.<\/p>\n","protected":false},"excerpt":{"rendered":"Con la participaci\u00f3n de especialistas nacionales e internacionales, la Universidad Aut\u00f3noma de Tamaulipas (UAT) llev\u00f3 a cabo el Primer Foro y Festival Universitario \u201cVoces, Derechos y Comunidad\u201d, en el marco del Encuentro de la Red de Organismos Defensores de los Derechos Universitarios (REDDU), celebrado en el Campus Tampico.El foro reuni\u00f3 a autoridades universitarias, acad\u00e9micos y","protected":false},"author":1,"featured_media":4288,"comment_status":"open","ping_status":"open","sticky":false,"template":"","format":"standard","meta":{"_monsterinsights_skip_tracking":false,"_monsterinsights_sitenote_active":false,"_monsterinsights_sitenote_note":"","_monsterinsights_sitenote_category":0,"footnotes":""},"categories":[3],"tags":[],"class_list":["post-4287","post","type-post","status-publish","format-standard","has-post-thumbnail","hentry","category-noticias"],"aioseo_notices":[],"amp_enabled":true,"_links":{"self":[{"href":"https:\/\/tamaulipasmiregion.com\/index.php?rest_route=\/wp\/v2\/posts\/4287","targetHints":{"allow":["GET"]}}],"collection":[{"href":"https:\/\/tamaulipasmiregion.com\/index.php?rest_route=\/wp\/v2\/posts"}],"about":[{"href":"https:\/\/tamaulipasmiregion.com\/index.php?rest_route=\/wp\/v2\/types\/post"}],"author":[{"embeddable":true,"href":"https:\/\/tamaulipasmiregion.com\/index.php?rest_route=\/wp\/v2\/users\/1"}],"replies":[{"embeddable":true,"href":"https:\/\/tamaulipasmiregion.com\/index.php?rest_route=%2Fwp%2Fv2%2Fcomments&post=4287"}],"version-history":[{"count":1,"href":"https:\/\/tamaulipasmiregion.com\/index.php?rest_route=\/wp\/v2\/posts\/4287\/revisions"}],"predecessor-version":[{"id":4289,"href":"https:\/\/tamaulipasmiregion.com\/index.php?rest_route=\/wp\/v2\/posts\/4287\/revisions\/4289"}],"wp:featuredmedia":[{"embeddable":true,"href":"https:\/\/tamaulipasmiregion.com\/index.php?rest_route=\/wp\/v2\/media\/4288"}],"wp:attachment":[{"href":"https:\/\/tamaulipasmiregion.com\/index.php?rest_route=%2Fwp%2Fv2%2Fmedia&parent=4287"}],"wp:term":[{"taxonomy":"category","embeddable":true,"href":"https:\/\/tamaulipasmiregion.com\/index.php?rest_route=%2Fwp%2Fv2%2Fcategories&post=4287"},{"taxonomy":"post_tag","embeddable":true,"href":"https:\/\/tamaulipasmiregion.com\/index.php?rest_route=%2Fwp%2Fv2%2Ftags&post=4287"}],"curies":[{"name":"wp","href":"https:\/\/api.w.org\/{rel}","templated":true}]}}