{"id":4326,"date":"2025-11-04T02:51:13","date_gmt":"2025-11-04T02:51:13","guid":{"rendered":"https:\/\/tamaulipasmiregion.com\/?p=4326"},"modified":"2026-02-19T02:53:30","modified_gmt":"2026-02-19T02:53:30","slug":"rector-de-la-uat-asiste-a-reunion-de-universidades-con-claudia-sheinbaum-2","status":"publish","type":"post","link":"https:\/\/tamaulipasmiregion.com\/?p=4326","title":{"rendered":"Rector de la UAT asiste a reuni\u00f3n de universidades con Claudia Sheinbaum"},"content":{"rendered":"\n<p><br>El rector de la Universidad Aut\u00f3noma de Tamaulipas (UAT), D\u00e1maso Anaya Alvarado, estuvo presente este martes en la Primera Reuni\u00f3n Nacional de Universidades e Instituciones P\u00fablicas de Educaci\u00f3n Superior para la Transformaci\u00f3n de M\u00e9xico, acto que encabez\u00f3 la presidenta Claudia Sheinbaum Pardo.<br>Con la presencia de rectoras y rectores de universidades de todo el pa\u00eds, el evento se llev\u00f3 a cabo en el edificio de la Secretar\u00eda de Educaci\u00f3n P\u00fablica (SEP) en la Ciudad de M\u00e9xico, para establecer una estrategia conjunta de transformaci\u00f3n y fortalecimiento del sistema educativo nacional.<br>El evento cont\u00f3 tambi\u00e9n con la presencia del secretario de Educaci\u00f3n P\u00fablica, Mario Delgado Carrillo; la secretaria de Ciencias, Humanidades, Tecnolog\u00eda e Innovaci\u00f3n, Rosaura Ruiz Guti\u00e9rrez; el subsecretario de Educaci\u00f3n Superior, Ricardo Villanueva Lomel\u00ed; y el secretario general ejecutivo de la Asociaci\u00f3n Nacional de Universidades e Instituciones de Educaci\u00f3n Superior (ANUIES), Luis Armando Gonz\u00e1lez Placencia, entre otras autoridades.<br>En este marco, se presentaron l\u00edneas estrat\u00e9gicas de colaboraci\u00f3n entre el Gobierno de M\u00e9xico y las universidades, as\u00ed como el lanzamiento de la plataforma Saberes MX, iniciativa que busca democratizar el acceso al conocimiento y promover el aprendizaje a lo largo de la vida.<br>La presidenta Claudia Sheinbaum reafirm\u00f3 el compromiso de su gobierno con la educaci\u00f3n p\u00fablica como motor de transformaci\u00f3n nacional, destacando que se impulsar\u00e1 una formaci\u00f3n gratuita, humanista y con equidad social.<br>Convoc\u00f3 tambi\u00e9n a las universidades a sumar esfuerzos para ampliar la matr\u00edcula y fortalecer el bienestar estudiantil, e invit\u00f3 a participar en la plataforma Saberes MX, destinada a compartir conocimiento en beneficio del pueblo.<\/p>\n\n\n\n<p>Al asistir a este encuentro nacional, el rector D\u00e1maso Anaya expres\u00f3 el respaldo de la UAT a las iniciativas nacionales que fortalezcan la justicia social, la equidad y la transformaci\u00f3n educativa, reiterando el compromiso institucional con la formaci\u00f3n de profesionistas conscientes, cr\u00edticos y solidarios.<\/p>\n","protected":false},"excerpt":{"rendered":"El rector de la Universidad Aut\u00f3noma de Tamaulipas (UAT), D\u00e1maso Anaya Alvarado, estuvo presente este martes en la Primera Reuni\u00f3n Nacional de Universidades e Instituciones P\u00fablicas de Educaci\u00f3n Superior para la Transformaci\u00f3n de M\u00e9xico, acto que encabez\u00f3 la presidenta Claudia Sheinbaum Pardo.Con la presencia de rectoras y rectores de universidades de todo el pa\u00eds, el","protected":false},"author":1,"featured_media":4327,"comment_status":"open","ping_status":"open","sticky":false,"template":"","format":"standard","meta":{"_monsterinsights_skip_tracking":false,"_monsterinsights_sitenote_active":false,"_monsterinsights_sitenote_note":"","_monsterinsights_sitenote_category":0,"footnotes":""},"categories":[3],"tags":[],"class_list":["post-4326","post","type-post","status-publish","format-standard","has-post-thumbnail","hentry","category-noticias"],"aioseo_notices":[],"amp_enabled":true,"_links":{"self":[{"href":"https:\/\/tamaulipasmiregion.com\/index.php?rest_route=\/wp\/v2\/posts\/4326","targetHints":{"allow":["GET"]}}],"collection":[{"href":"https:\/\/tamaulipasmiregion.com\/index.php?rest_route=\/wp\/v2\/posts"}],"about":[{"href":"https:\/\/tamaulipasmiregion.com\/index.php?rest_route=\/wp\/v2\/types\/post"}],"author":[{"embeddable":true,"href":"https:\/\/tamaulipasmiregion.com\/index.php?rest_route=\/wp\/v2\/users\/1"}],"replies":[{"embeddable":true,"href":"https:\/\/tamaulipasmiregion.com\/index.php?rest_route=%2Fwp%2Fv2%2Fcomments&post=4326"}],"version-history":[{"count":1,"href":"https:\/\/tamaulipasmiregion.com\/index.php?rest_route=\/wp\/v2\/posts\/4326\/revisions"}],"predecessor-version":[{"id":4328,"href":"https:\/\/tamaulipasmiregion.com\/index.php?rest_route=\/wp\/v2\/posts\/4326\/revisions\/4328"}],"wp:featuredmedia":[{"embeddable":true,"href":"https:\/\/tamaulipasmiregion.com\/index.php?rest_route=\/wp\/v2\/media\/4327"}],"wp:attachment":[{"href":"https:\/\/tamaulipasmiregion.com\/index.php?rest_route=%2Fwp%2Fv2%2Fmedia&parent=4326"}],"wp:term":[{"taxonomy":"category","embeddable":true,"href":"https:\/\/tamaulipasmiregion.com\/index.php?rest_route=%2Fwp%2Fv2%2Fcategories&post=4326"},{"taxonomy":"post_tag","embeddable":true,"href":"https:\/\/tamaulipasmiregion.com\/index.php?rest_route=%2Fwp%2Fv2%2Ftags&post=4326"}],"curies":[{"name":"wp","href":"https:\/\/api.w.org\/{rel}","templated":true}]}}