{"id":4382,"date":"2025-11-16T04:10:41","date_gmt":"2025-11-16T04:10:41","guid":{"rendered":"https:\/\/tamaulipasmiregion.com\/?p=4382"},"modified":"2026-02-19T04:11:51","modified_gmt":"2026-02-19T04:11:51","slug":"suma-tamaulipas-mas-de-3-mil-propuestas-para-la-reforma-electoral","status":"publish","type":"post","link":"https:\/\/tamaulipasmiregion.com\/?p=4382","title":{"rendered":"Suma Tamaulipas m\u00e1s de 3 mil propuestas para la reforma electoral\u00a0"},"content":{"rendered":"\n<p><\/p>\n\n\n\n<p>En la iniciativa del Gobierno de M\u00e9xico, a trav\u00e9s de la Comisi\u00f3n Presidencial para la Reforma Electoral, la Universidad Aut\u00f3noma de Tamaulipas (UAT), en conjunto con el Gobierno del Estado, fue sede, los d\u00edas 6 y 7 de noviembre, de los Di\u00e1logos sobre la Reforma Electoral, reafirmando su papel como espacio de reflexi\u00f3n y de an\u00e1lisis plural que reuni\u00f3 a autoridades, especialistas y comunidad universitaria, con el prop\u00f3sito de fortalecer la vida democr\u00e1tica del pa\u00eds.&nbsp;<\/p>\n\n\n\n<p>Como resultado, la UAT edit\u00f3 un documento acad\u00e9mico que re\u00fane las propuestas recabadas y que dan testimonio del compromiso colectivo de Tamaulipas con el fortalecimiento de la democracia nacional.&nbsp;<\/p>\n\n\n\n<p>Los foros se desarrollaron en las sedes universitarias de Nuevo Laredo, Reynosa, Matamoros, Ciudad Victoria, Mante y Tampico, con un total de 3 148 propuestas y m\u00e1s de 5000 asistencias registradas.&nbsp;<\/p>\n\n\n\n<p>El rector de la UAT, D\u00e1maso Anaya Alvarado, destac\u00f3 que este ejercicio representa un hecho hist\u00f3rico para la instituci\u00f3n, al consolidarla como un referente nacional en la formaci\u00f3n de ciudadan\u00eda y pensamiento cr\u00edtico.&nbsp;<\/p>\n\n\n\n<p>Subray\u00f3 que la UAT abri\u00f3, por primera vez en su historia, sus espacios f\u00edsicos y virtuales de manera simult\u00e1nea para la reflexi\u00f3n colectiva sobre el sistema electoral mexicano, se\u00f1alando que este encuentro permiti\u00f3 a la ciudadan\u00eda dialogar sobre los pilares del sistema democr\u00e1tico.&nbsp;<\/p>\n\n\n\n<p>El rector reafirm\u00f3 el compromiso de la UAT con la formaci\u00f3n de ciudadanos cr\u00edticos y participativos, y reconoci\u00f3 la visi\u00f3n de la presidenta Claudia Sheinbaum Pardo por impulsar una reforma electoral incluyente que coloca a la ciudadan\u00eda en el centro de la transformaci\u00f3n democr\u00e1tica.&nbsp;<\/p>\n\n\n\n<p>Asimismo, agradeci\u00f3 al gobernador Am\u00e9rico Villarreal Anaya por confiar en la capacidad acad\u00e9mica y social de la Universidad para generar espacios de an\u00e1lisis y di\u00e1logo plural, y extendi\u00f3 su reconocimiento al INE, al IETAM y a las instituciones p\u00fablicas y privadas que contribuyeron al \u00e9xito de esta jornada c\u00edvica y universitaria.<\/p>\n","protected":false},"excerpt":{"rendered":"En la iniciativa del Gobierno de M\u00e9xico, a trav\u00e9s de la Comisi\u00f3n Presidencial para la Reforma Electoral, la Universidad Aut\u00f3noma de Tamaulipas (UAT), en conjunto con el Gobierno del Estado, fue sede, los d\u00edas 6 y 7 de noviembre, de los Di\u00e1logos sobre la Reforma Electoral, reafirmando su papel como espacio de reflexi\u00f3n y de","protected":false},"author":1,"featured_media":4383,"comment_status":"open","ping_status":"open","sticky":false,"template":"","format":"standard","meta":{"_monsterinsights_skip_tracking":false,"_monsterinsights_sitenote_active":false,"_monsterinsights_sitenote_note":"","_monsterinsights_sitenote_category":0,"footnotes":""},"categories":[3],"tags":[],"class_list":["post-4382","post","type-post","status-publish","format-standard","has-post-thumbnail","hentry","category-noticias"],"aioseo_notices":[],"amp_enabled":true,"_links":{"self":[{"href":"https:\/\/tamaulipasmiregion.com\/index.php?rest_route=\/wp\/v2\/posts\/4382","targetHints":{"allow":["GET"]}}],"collection":[{"href":"https:\/\/tamaulipasmiregion.com\/index.php?rest_route=\/wp\/v2\/posts"}],"about":[{"href":"https:\/\/tamaulipasmiregion.com\/index.php?rest_route=\/wp\/v2\/types\/post"}],"author":[{"embeddable":true,"href":"https:\/\/tamaulipasmiregion.com\/index.php?rest_route=\/wp\/v2\/users\/1"}],"replies":[{"embeddable":true,"href":"https:\/\/tamaulipasmiregion.com\/index.php?rest_route=%2Fwp%2Fv2%2Fcomments&post=4382"}],"version-history":[{"count":2,"href":"https:\/\/tamaulipasmiregion.com\/index.php?rest_route=\/wp\/v2\/posts\/4382\/revisions"}],"predecessor-version":[{"id":4386,"href":"https:\/\/tamaulipasmiregion.com\/index.php?rest_route=\/wp\/v2\/posts\/4382\/revisions\/4386"}],"wp:featuredmedia":[{"embeddable":true,"href":"https:\/\/tamaulipasmiregion.com\/index.php?rest_route=\/wp\/v2\/media\/4383"}],"wp:attachment":[{"href":"https:\/\/tamaulipasmiregion.com\/index.php?rest_route=%2Fwp%2Fv2%2Fmedia&parent=4382"}],"wp:term":[{"taxonomy":"category","embeddable":true,"href":"https:\/\/tamaulipasmiregion.com\/index.php?rest_route=%2Fwp%2Fv2%2Fcategories&post=4382"},{"taxonomy":"post_tag","embeddable":true,"href":"https:\/\/tamaulipasmiregion.com\/index.php?rest_route=%2Fwp%2Fv2%2Ftags&post=4382"}],"curies":[{"name":"wp","href":"https:\/\/api.w.org\/{rel}","templated":true}]}}