{"id":4455,"date":"2025-12-03T15:01:41","date_gmt":"2025-12-03T15:01:41","guid":{"rendered":"https:\/\/tamaulipasmiregion.com\/?p=4455"},"modified":"2026-02-19T15:02:26","modified_gmt":"2026-02-19T15:02:26","slug":"resalta-rector-presencia-de-la-uat-en-la-expociencias-nacional-2025-2","status":"publish","type":"post","link":"https:\/\/tamaulipasmiregion.com\/?p=4455","title":{"rendered":"Resalta rector presencia de la UAT en la ExpoCiencias Nacional 2025"},"content":{"rendered":"\n<p><br>El rector de la Universidad Aut\u00f3noma de Tamaulipas (UAT), D\u00e1maso Anaya Alvarado, destac\u00f3 la presencia acad\u00e9mica, cient\u00edfica y cultural de la casa de estudios mediante su participaci\u00f3n en la ExpoCiencias Nacional 2025, que organiza el Gobierno del Estado a trav\u00e9s de la Secretar\u00eda de Educaci\u00f3n y el Consejo Tamaulipeco de Ciencia y Tecnolog\u00eda (COTACYT), en coordinaci\u00f3n con la Red Nacional de Actividades Juveniles en Ciencia y Tecnolog\u00eda.<br>Este encuentro, considerado el escaparate de ciencia y tecnolog\u00eda m\u00e1s importante del pa\u00eds, re\u00fane a las mentes j\u00f3venes m\u00e1s sobresalientes de M\u00e9xico, teniendo como sede la ciudad de Tampico, del 2 al 5 de diciembre.<br>Durante su asistencia a la ceremonia inaugural que encabez\u00f3 el gobernador Am\u00e9rico Villarreal Anaya, este mi\u00e9rcoles, en el Centro de Convenciones Expo Tampico, el rector D\u00e1maso Anaya se\u00f1al\u00f3 que, a trav\u00e9s de su labor acad\u00e9mica, cient\u00edfica, cultural y de divulgaci\u00f3n, la UAT participa de manera integral en este certamen que congrega a m\u00e1s de mil quinientos estudiantes, docentes y delegaciones internacionales.<br>Subray\u00f3 que la Universidad tiene un papel relevante al integrar el cuerpo de evaluadores m\u00e1s amplio y especializado del evento, conformado por 148 docentes de 12 facultades y unidades acad\u00e9micas, quienes tendr\u00e1n a su cargo la evaluaci\u00f3n de m\u00e1s de 500 proyectos nacionales.<br>Indic\u00f3 que la presencia de la UAT se destaca tambi\u00e9n con la participaci\u00f3n de sus estudiantes en proyectos que han pasado a la fase nacional, adem\u00e1s de ser asesores de iniciativas que concursan los clubes de ciencias infantil y juvenil de la Universidad.<br>Puso de relieve que la UAT mantiene una presencia constante en eventos cient\u00edficos nacionales, impulsando su liderazgo en el fomento del conocimiento, la investigaci\u00f3n aplicada y la formaci\u00f3n de nuevas generaciones con sensibilidad social y vocaci\u00f3n innovadora.<br>Puntualiz\u00f3 el compromiso de colaborar con el Gobierno del Estado, dependencias federales y el sector productivo, mediante la aportaci\u00f3n de sus investigadores, infraestructura y tecnolog\u00eda especializada en proyectos cient\u00edficos enfocados en atender necesidades prioritarias de Tamaulipas y otras regiones del pa\u00eds.<\/p>\n\n\n\n<p>Resalt\u00f3 que, en la ExpoCiencias Nacional, la UAT est\u00e1 representada tambi\u00e9n por la Facultad de M\u00fasica y Artes en los espacios art\u00edsticos del evento mediante presentaciones de danza, mariachi y huapangueros que muestran la riqueza cultural de la regi\u00f3n. fortaleciendo la identidad tamaulipeca ante delegaciones nacionales e internacionales.<br>Con estas acciones, la UAT reafirma su compromiso con el impulso a las vocaciones cient\u00edficas tempranas; la formaci\u00f3n de nuevos talentos en investigaci\u00f3n, tecnolog\u00eda y humanidades; la promoci\u00f3n de la cultura y las artes como parte del desarrollo integral; as\u00ed como la colaboraci\u00f3n interinstitucional para fortalecer la ciencia en M\u00e9xico.<\/p>\n","protected":false},"excerpt":{"rendered":"El rector de la Universidad Aut\u00f3noma de Tamaulipas (UAT), D\u00e1maso Anaya Alvarado, destac\u00f3 la presencia acad\u00e9mica, cient\u00edfica y cultural de la casa de estudios mediante su participaci\u00f3n en la ExpoCiencias Nacional 2025, que organiza el Gobierno del Estado a trav\u00e9s de la Secretar\u00eda de Educaci\u00f3n y el Consejo Tamaulipeco de Ciencia y Tecnolog\u00eda (COTACYT), en","protected":false},"author":1,"featured_media":4456,"comment_status":"open","ping_status":"open","sticky":false,"template":"","format":"standard","meta":{"_monsterinsights_skip_tracking":false,"_monsterinsights_sitenote_active":false,"_monsterinsights_sitenote_note":"","_monsterinsights_sitenote_category":0,"footnotes":""},"categories":[3],"tags":[],"class_list":["post-4455","post","type-post","status-publish","format-standard","has-post-thumbnail","hentry","category-noticias"],"aioseo_notices":[],"amp_enabled":true,"_links":{"self":[{"href":"https:\/\/tamaulipasmiregion.com\/index.php?rest_route=\/wp\/v2\/posts\/4455","targetHints":{"allow":["GET"]}}],"collection":[{"href":"https:\/\/tamaulipasmiregion.com\/index.php?rest_route=\/wp\/v2\/posts"}],"about":[{"href":"https:\/\/tamaulipasmiregion.com\/index.php?rest_route=\/wp\/v2\/types\/post"}],"author":[{"embeddable":true,"href":"https:\/\/tamaulipasmiregion.com\/index.php?rest_route=\/wp\/v2\/users\/1"}],"replies":[{"embeddable":true,"href":"https:\/\/tamaulipasmiregion.com\/index.php?rest_route=%2Fwp%2Fv2%2Fcomments&post=4455"}],"version-history":[{"count":2,"href":"https:\/\/tamaulipasmiregion.com\/index.php?rest_route=\/wp\/v2\/posts\/4455\/revisions"}],"predecessor-version":[{"id":4458,"href":"https:\/\/tamaulipasmiregion.com\/index.php?rest_route=\/wp\/v2\/posts\/4455\/revisions\/4458"}],"wp:featuredmedia":[{"embeddable":true,"href":"https:\/\/tamaulipasmiregion.com\/index.php?rest_route=\/wp\/v2\/media\/4456"}],"wp:attachment":[{"href":"https:\/\/tamaulipasmiregion.com\/index.php?rest_route=%2Fwp%2Fv2%2Fmedia&parent=4455"}],"wp:term":[{"taxonomy":"category","embeddable":true,"href":"https:\/\/tamaulipasmiregion.com\/index.php?rest_route=%2Fwp%2Fv2%2Fcategories&post=4455"},{"taxonomy":"post_tag","embeddable":true,"href":"https:\/\/tamaulipasmiregion.com\/index.php?rest_route=%2Fwp%2Fv2%2Ftags&post=4455"}],"curies":[{"name":"wp","href":"https:\/\/api.w.org\/{rel}","templated":true}]}}