{"id":4483,"date":"2025-12-10T16:17:58","date_gmt":"2025-12-10T16:17:58","guid":{"rendered":"https:\/\/tamaulipasmiregion.com\/?p=4483"},"modified":"2026-02-19T16:18:34","modified_gmt":"2026-02-19T16:18:34","slug":"evalua-rector-avances-de-la-uat-al-cierre-del-ciclo-escolar","status":"publish","type":"post","link":"https:\/\/tamaulipasmiregion.com\/?p=4483","title":{"rendered":"Eval\u00faa rector avances de la UAT al cierre del ciclo escolar"},"content":{"rendered":"\n<p><br>El rector de la Universidad Aut\u00f3noma de Tamaulipas (UAT), D\u00e1maso Anaya Alvarado, encabez\u00f3 la 15.\u00aa Reuni\u00f3n del Colegio de Directores, celebrada en la Unidad Acad\u00e9mica Multidisciplinaria Reynosa Rodhe (UAMRR), encuentro que permiti\u00f3 revisar los avances institucionales recientes y trazar nuevas l\u00edneas de desarrollo acad\u00e9mico, cient\u00edfico y administrativo rumbo al pr\u00f3ximo ciclo escolar.<br>Al dirigir el mensaje de apertura, el rector destac\u00f3 la oportunidad de evaluar, con las y los directores de las facultades, unidades acad\u00e9micas y escuelas preparatorias, los logros alcanzados durante 2025, que permiten avanzar en el crecimiento y la consolidaci\u00f3n de la instituci\u00f3n.<br>Subray\u00f3 que la UAT concluye un ciclo de trabajo caracterizado por el fortalecimiento de su infraestructura, el impulso a la investigaci\u00f3n, la academia y el cumplimiento de metas institucionales, al tiempo de convocar a continuar con una visi\u00f3n estrat\u00e9gica hacia el 2026.<br>Como anfitri\u00f3n de la reuni\u00f3n, el director de la UAM Reynosa Rodhe, Jaime Gerardo Malacara Navejar, dio un mensaje de bienvenida y present\u00f3 un balance de los resultados m\u00e1s relevantes de este plantel, destacando la realizaci\u00f3n de estancias acad\u00e9micas internacionales y el desarrollo de proyectos de investigaci\u00f3n de alto impacto en \u00e1reas como la bioqu\u00edmica, las tecnolog\u00edas y los sistemas avanzados de comunicaci\u00f3n.<br>En su oportunidad, el rector D\u00e1maso Anaya destac\u00f3 su reconocimiento al trabajo de la UAM Reynosa Rodhe, cuyos logros reflejan el compromiso y el esfuerzo de todas las dependencias acad\u00e9micas sumados a las metas institucionales de la UAT.<br>En este marco, el rector present\u00f3 y felicit\u00f3 a quienes fueron electos como titulares de sus dependencias: Laura Esther Jim\u00e9nez Ferretiz, de la Facultad de Comercio y Administraci\u00f3n Tampico; Mar\u00eda Guadalupe V\u00e1zquez Salazar, de la Facultad de Enfermer\u00eda Victoria; Mart\u00edn Berrones Morales, de la Unidad Acad\u00e9mica Multidisciplinaria Mante; y Vicente Paul Sald\u00edvar Alonso, electo para un segundo per\u00edodo en la Facultad de Ingenier\u00eda y Ciencias.<br>Asimismo, dio la bienvenida a los directores interinos Jos\u00e9 Octavio Merino Charrez, de la Facultad de Medicina Veterinaria y Zootecnia, y Dionisio Enrique Mart\u00ednez Salda\u00f1a, de la Facultad de Medicina Matamoros.<\/p>\n","protected":false},"excerpt":{"rendered":"El rector de la Universidad Aut\u00f3noma de Tamaulipas (UAT), D\u00e1maso Anaya Alvarado, encabez\u00f3 la 15.\u00aa Reuni\u00f3n del Colegio de Directores, celebrada en la Unidad Acad\u00e9mica Multidisciplinaria Reynosa Rodhe (UAMRR), encuentro que permiti\u00f3 revisar los avances institucionales recientes y trazar nuevas l\u00edneas de desarrollo acad\u00e9mico, cient\u00edfico y administrativo rumbo al pr\u00f3ximo ciclo escolar.Al dirigir el mensaje","protected":false},"author":1,"featured_media":4484,"comment_status":"open","ping_status":"open","sticky":false,"template":"","format":"standard","meta":{"_monsterinsights_skip_tracking":false,"_monsterinsights_sitenote_active":false,"_monsterinsights_sitenote_note":"","_monsterinsights_sitenote_category":0,"footnotes":""},"categories":[3],"tags":[],"class_list":["post-4483","post","type-post","status-publish","format-standard","has-post-thumbnail","hentry","category-noticias"],"aioseo_notices":[],"amp_enabled":true,"_links":{"self":[{"href":"https:\/\/tamaulipasmiregion.com\/index.php?rest_route=\/wp\/v2\/posts\/4483","targetHints":{"allow":["GET"]}}],"collection":[{"href":"https:\/\/tamaulipasmiregion.com\/index.php?rest_route=\/wp\/v2\/posts"}],"about":[{"href":"https:\/\/tamaulipasmiregion.com\/index.php?rest_route=\/wp\/v2\/types\/post"}],"author":[{"embeddable":true,"href":"https:\/\/tamaulipasmiregion.com\/index.php?rest_route=\/wp\/v2\/users\/1"}],"replies":[{"embeddable":true,"href":"https:\/\/tamaulipasmiregion.com\/index.php?rest_route=%2Fwp%2Fv2%2Fcomments&post=4483"}],"version-history":[{"count":2,"href":"https:\/\/tamaulipasmiregion.com\/index.php?rest_route=\/wp\/v2\/posts\/4483\/revisions"}],"predecessor-version":[{"id":4486,"href":"https:\/\/tamaulipasmiregion.com\/index.php?rest_route=\/wp\/v2\/posts\/4483\/revisions\/4486"}],"wp:featuredmedia":[{"embeddable":true,"href":"https:\/\/tamaulipasmiregion.com\/index.php?rest_route=\/wp\/v2\/media\/4484"}],"wp:attachment":[{"href":"https:\/\/tamaulipasmiregion.com\/index.php?rest_route=%2Fwp%2Fv2%2Fmedia&parent=4483"}],"wp:term":[{"taxonomy":"category","embeddable":true,"href":"https:\/\/tamaulipasmiregion.com\/index.php?rest_route=%2Fwp%2Fv2%2Fcategories&post=4483"},{"taxonomy":"post_tag","embeddable":true,"href":"https:\/\/tamaulipasmiregion.com\/index.php?rest_route=%2Fwp%2Fv2%2Ftags&post=4483"}],"curies":[{"name":"wp","href":"https:\/\/api.w.org\/{rel}","templated":true}]}}