{"id":4611,"date":"2026-01-27T18:41:23","date_gmt":"2026-01-27T18:41:23","guid":{"rendered":"https:\/\/tamaulipasmiregion.com\/?p=4611"},"modified":"2026-02-19T18:42:17","modified_gmt":"2026-02-19T18:42:17","slug":"contara-la-uat-con-brigada-de-apoyo-psicologico-a-universitarios","status":"publish","type":"post","link":"https:\/\/tamaulipasmiregion.com\/?p=4611","title":{"rendered":"Contar\u00e1 la UAT con brigada de apoyo psicol\u00f3gico a universitarios"},"content":{"rendered":"\n<p><\/p>\n\n\n\n<p>La Universidad Aut\u00f3noma de Tamaulipas (UAT) anunci\u00f3 la convocatoria para integrar la Brigada de Primeros Auxilios Psicol\u00f3gicos (PAP), iniciativa orientada a fortalecer la atenci\u00f3n y el acompa\u00f1amiento emocional de la comunidad universitaria.<br>El rector D\u00e1maso Anaya Alvarado inform\u00f3 que este proyecto, promovido por la Unidad Acad\u00e9mica de Trabajo Social y Ciencias para el Desarrollo Humano (UATSCDH), busca formar brigadistas capacitados para brindar contenci\u00f3n en situaciones de crisis bajo un enfoque \u00e9tico y humano.<br>Asimismo, el rector D\u00e1maso Anaya invit\u00f3 a estudiantes, docentes y personal administrativo de la UAT a participar en esta formaci\u00f3n, que incluye un curso de 60 horas sobre primeros auxilios psicol\u00f3gicos, protocolos de intervenci\u00f3n, herramientas pr\u00e1cticas, simulacros y estrategias de autocuidado.<br>Con ello se busca que las y los participantes desarrollen habilidades para brindar apoyo inmediato, acompa\u00f1amiento emocional y canalizaci\u00f3n adecuada, contribuyendo a la construcci\u00f3n de entornos universitarios m\u00e1s seguros y con mayores capacidades de atenci\u00f3n ante situaciones de crisis.<br>Los PAP constituyen una estrategia de atenci\u00f3n inmediata orientada a restablecer el equilibrio emocional de las personas que atraviesan una situaci\u00f3n cr\u00edtica, mediante acciones de contenci\u00f3n, orientaci\u00f3n y apoyo inicial complementarias a otros procesos de atenci\u00f3n especializada.<br>El periodo de registro permanecer\u00e1 abierto hasta el 2 de febrero. La convocatoria completa puede consultarse en la p\u00e1gina oficial de Facebook de la UATSCDH: https:\/\/www.facebook.com\/uatscdh.ua<br>La capacitaci\u00f3n dar\u00e1 inicio los d\u00edas 4 y 5 de febrero, en horarios matutino y vespertino y para m\u00e1s informaci\u00f3n acudir tambi\u00e9n al Centro de Atenci\u00f3n para el Desarrollo Humano (CADH) de esta dependencia acad\u00e9mica ubicada en el Centro Universitario Victoria, tel\u00e9fono 834 3181 730, extensiones 2225 y 2252.<\/p>\n","protected":false},"excerpt":{"rendered":"La Universidad Aut\u00f3noma de Tamaulipas (UAT) anunci\u00f3 la convocatoria para integrar la Brigada de Primeros Auxilios Psicol\u00f3gicos (PAP), iniciativa orientada a fortalecer la atenci\u00f3n y el acompa\u00f1amiento emocional de la comunidad universitaria.El rector D\u00e1maso Anaya Alvarado inform\u00f3 que este proyecto, promovido por la Unidad Acad\u00e9mica de Trabajo Social y Ciencias para el Desarrollo Humano (UATSCDH),","protected":false},"author":1,"featured_media":4612,"comment_status":"open","ping_status":"open","sticky":false,"template":"","format":"standard","meta":{"_monsterinsights_skip_tracking":false,"_monsterinsights_sitenote_active":false,"_monsterinsights_sitenote_note":"","_monsterinsights_sitenote_category":0,"footnotes":""},"categories":[3],"tags":[],"class_list":["post-4611","post","type-post","status-publish","format-standard","has-post-thumbnail","hentry","category-noticias"],"aioseo_notices":[],"amp_enabled":true,"_links":{"self":[{"href":"https:\/\/tamaulipasmiregion.com\/index.php?rest_route=\/wp\/v2\/posts\/4611","targetHints":{"allow":["GET"]}}],"collection":[{"href":"https:\/\/tamaulipasmiregion.com\/index.php?rest_route=\/wp\/v2\/posts"}],"about":[{"href":"https:\/\/tamaulipasmiregion.com\/index.php?rest_route=\/wp\/v2\/types\/post"}],"author":[{"embeddable":true,"href":"https:\/\/tamaulipasmiregion.com\/index.php?rest_route=\/wp\/v2\/users\/1"}],"replies":[{"embeddable":true,"href":"https:\/\/tamaulipasmiregion.com\/index.php?rest_route=%2Fwp%2Fv2%2Fcomments&post=4611"}],"version-history":[{"count":2,"href":"https:\/\/tamaulipasmiregion.com\/index.php?rest_route=\/wp\/v2\/posts\/4611\/revisions"}],"predecessor-version":[{"id":4614,"href":"https:\/\/tamaulipasmiregion.com\/index.php?rest_route=\/wp\/v2\/posts\/4611\/revisions\/4614"}],"wp:featuredmedia":[{"embeddable":true,"href":"https:\/\/tamaulipasmiregion.com\/index.php?rest_route=\/wp\/v2\/media\/4612"}],"wp:attachment":[{"href":"https:\/\/tamaulipasmiregion.com\/index.php?rest_route=%2Fwp%2Fv2%2Fmedia&parent=4611"}],"wp:term":[{"taxonomy":"category","embeddable":true,"href":"https:\/\/tamaulipasmiregion.com\/index.php?rest_route=%2Fwp%2Fv2%2Fcategories&post=4611"},{"taxonomy":"post_tag","embeddable":true,"href":"https:\/\/tamaulipasmiregion.com\/index.php?rest_route=%2Fwp%2Fv2%2Ftags&post=4611"}],"curies":[{"name":"wp","href":"https:\/\/api.w.org\/{rel}","templated":true}]}}