{"id":4623,"date":"2026-02-18T19:05:00","date_gmt":"2026-02-18T19:05:00","guid":{"rendered":"https:\/\/tamaulipasmiregion.com\/?p=4623"},"modified":"2026-02-19T19:07:40","modified_gmt":"2026-02-19T19:07:40","slug":"consolida-la-uat-avances-de-la-facultad-de-ingenieria-y-ciencias","status":"publish","type":"post","link":"https:\/\/tamaulipasmiregion.com\/?p=4623","title":{"rendered":"Consolida la UAT avances de la Facultad de Ingenier\u00eda y Ciencias"},"content":{"rendered":"\n<p>Acompa\u00f1ado de su esposa, la Lic. Isolda Rend\u00f3n de Anaya, presidenta de Familia UAT, el rector dio apertura a este nuevo espacio ante cientos de estudiantes, personal docente y administrativo, reiterando el compromiso institucional con el fortalecimiento de la infraestructura y la creaci\u00f3n de \u00e1reas adecuadas para la formaci\u00f3n integral.<\/p>\n\n\n\n<p>En su mensaje, subray\u00f3 que la entrega de esta obra simboliza la materializaci\u00f3n de una pol\u00edtica de gesti\u00f3n orientada a generar condiciones dignas para la formaci\u00f3n acad\u00e9mica, la convivencia y el bienestar de la comunidad.<\/p>\n\n\n\n<p>En este marco, el rector llev\u00f3 a cabo la toma de protesta del director Vicente Paul Sald\u00edvar Alonso, quien encabeza un nuevo periodo al frente de la FIC.<\/p>\n\n\n\n<p>Expres\u00f3 que este acto solemne representa el inicio de una etapa de continuidad con visi\u00f3n estrat\u00e9gica, orientada al fortalecimiento acad\u00e9mico y a la consolidaci\u00f3n de proyectos prioritarios para la comunidad universitaria.<\/p>\n\n\n\n<p>D\u00e1maso Anaya reiter\u00f3 su respaldo a la FIC para seguir impulsando la investigaci\u00f3n, ampliar la vinculaci\u00f3n con el sector productivo y consolidar la formaci\u00f3n integral de sus estudiantes, destacando que el liderazgo universitario se sustenta en el ejemplo, la congruencia y la cercan\u00eda con la comunidad.<\/p>\n\n\n\n<p>Enfatiz\u00f3 que en esta facultad no solo se forman profesionistas, sino agentes de transformaci\u00f3n capaces de incidir en la infraestructura, la industria, la tecnolog\u00eda, el medio ambiente y el desarrollo social.<\/p>\n\n\n\n<p>Se\u00f1al\u00f3 tambi\u00e9n que la FIC se distingue como una de las estructuras acad\u00e9micas m\u00e1s s\u00f3lidas de la UAT, con matr\u00edcula consolidada, cuerpos acad\u00e9micos fortalecidos y docentes reconocidos en el Sistema Nacional de Investigadoras e Investigadores.<\/p>\n\n\n\n<p>Tras la ceremonia protocolaria, el rector convivi\u00f3 con estudiantes de la facultad, quienes le expresaron su reconocimiento y agradecimiento por el respaldo brindado a la comunidad acad\u00e9mica y por la entrega de la nueva cancha techada, destacando los avances impulsados durante su administraci\u00f3n.<\/p>\n\n\n\n<p>Participaron en el desarrollo de las actividades destacados exdirectores de esta instituci\u00f3n acad\u00e9mica, entre ellos el exrector de la UAT, Humberto Filizola Haces, Mario Alberto Lara Hern\u00e1ndez y Froyl\u00e1n Lucero Maga\u00f1a, adem\u00e1s de integrantes del gabinete de la rector\u00eda.<\/p>\n","protected":false},"excerpt":{"rendered":"Acompa\u00f1ado de su esposa, la Lic. Isolda Rend\u00f3n de Anaya, presidenta de Familia UAT, el rector dio apertura a este nuevo espacio ante cientos de estudiantes, personal docente y administrativo, reiterando el compromiso institucional con el fortalecimiento de la infraestructura y la creaci\u00f3n de \u00e1reas adecuadas para la formaci\u00f3n integral. En su mensaje, subray\u00f3 que","protected":false},"author":1,"featured_media":4624,"comment_status":"open","ping_status":"open","sticky":false,"template":"","format":"standard","meta":{"_monsterinsights_skip_tracking":false,"_monsterinsights_sitenote_active":false,"_monsterinsights_sitenote_note":"","_monsterinsights_sitenote_category":0,"footnotes":""},"categories":[1],"tags":[],"class_list":["post-4623","post","type-post","status-publish","format-standard","has-post-thumbnail","hentry","category-uncategorized"],"aioseo_notices":[],"amp_enabled":true,"_links":{"self":[{"href":"https:\/\/tamaulipasmiregion.com\/index.php?rest_route=\/wp\/v2\/posts\/4623","targetHints":{"allow":["GET"]}}],"collection":[{"href":"https:\/\/tamaulipasmiregion.com\/index.php?rest_route=\/wp\/v2\/posts"}],"about":[{"href":"https:\/\/tamaulipasmiregion.com\/index.php?rest_route=\/wp\/v2\/types\/post"}],"author":[{"embeddable":true,"href":"https:\/\/tamaulipasmiregion.com\/index.php?rest_route=\/wp\/v2\/users\/1"}],"replies":[{"embeddable":true,"href":"https:\/\/tamaulipasmiregion.com\/index.php?rest_route=%2Fwp%2Fv2%2Fcomments&post=4623"}],"version-history":[{"count":2,"href":"https:\/\/tamaulipasmiregion.com\/index.php?rest_route=\/wp\/v2\/posts\/4623\/revisions"}],"predecessor-version":[{"id":4626,"href":"https:\/\/tamaulipasmiregion.com\/index.php?rest_route=\/wp\/v2\/posts\/4623\/revisions\/4626"}],"wp:featuredmedia":[{"embeddable":true,"href":"https:\/\/tamaulipasmiregion.com\/index.php?rest_route=\/wp\/v2\/media\/4624"}],"wp:attachment":[{"href":"https:\/\/tamaulipasmiregion.com\/index.php?rest_route=%2Fwp%2Fv2%2Fmedia&parent=4623"}],"wp:term":[{"taxonomy":"category","embeddable":true,"href":"https:\/\/tamaulipasmiregion.com\/index.php?rest_route=%2Fwp%2Fv2%2Fcategories&post=4623"},{"taxonomy":"post_tag","embeddable":true,"href":"https:\/\/tamaulipasmiregion.com\/index.php?rest_route=%2Fwp%2Fv2%2Ftags&post=4623"}],"curies":[{"name":"wp","href":"https:\/\/api.w.org\/{rel}","templated":true}]}}