{"id":4640,"date":"2026-01-31T19:17:45","date_gmt":"2026-01-31T19:17:45","guid":{"rendered":"https:\/\/tamaulipasmiregion.com\/?p=4640"},"modified":"2026-02-19T19:20:10","modified_gmt":"2026-02-19T19:20:10","slug":"uat-y-canacintra-impulsan-el-talento-estudiantil","status":"publish","type":"post","link":"https:\/\/tamaulipasmiregion.com\/?p=4640","title":{"rendered":"UAT y CANACINTRA impulsan el talento estudiantil"},"content":{"rendered":"\n<p><br>En una acci\u00f3n que reafirma el compromiso con la formaci\u00f3n integral de la comunidad estudiantil y el impulso al desarrollo regional, la Universidad Aut\u00f3noma de Tamaulipas (UAT) llev\u00f3 a cabo la firma de convenio Vinculaci\u00f3n Acad\u00e9mica y Empresarial con la C\u00e1mara Nacional de la Industria de Transformaci\u00f3n (CANACINTRA), delegaci\u00f3n Tampico.<br>El acuerdo tiene como objetivo central ampliar y fortalecer las oportunidades para que las y los estudiantes realicen sus pr\u00e1cticas profesionales y servicio social, integr\u00e1ndose de manera directa a entornos productivos reales.<br>De igual manera permitir\u00e1 consolidar experiencias formativas alineadas a las necesidades del sector industrial, fomentar la innovaci\u00f3n aplicada y contribuir de manera tangible al desarrollo econ\u00f3mico y social de la regi\u00f3n.<br>Esta iniciativa se inscribe en la visi\u00f3n institucional que impulsa el rector de la UAT, D\u00e1maso Anaya Alvarado, orientada a consolidar una universidad cercana a los sectores productivos, socialmente responsable y comprometida con la pertinencia de sus programas acad\u00e9micos, fortaleciendo esquemas de colaboraci\u00f3n estrat\u00e9gica que eleven la calidad educativa, mejoren la empleabilidad de sus egresados y generen un impacto positivo en la sociedad tamaulipeca.<br>En este marco, el convenio se formaliz\u00f3 con la Facultad de Comercio y Administraci\u00f3n de Tampico (FCAT) y la Divisi\u00f3n del Centro de Innovaci\u00f3n Social y Desarrollo Empresarial, como instancias de la Universidad que articular\u00e1n acciones conjuntas orientadas a la vinculaci\u00f3n acad\u00e9mica, la innovaci\u00f3n y el fortalecimiento del sector productivo.<br>El convenio fue firmado por la presidenta de la CANACINTRA Tampico, Cleotilde Trevi\u00f1o Castillo y la directora de la FCAT, Laura Esther Jim\u00e9nez Ferretiz, con la asistencia de personal acad\u00e9mico e integrantes del organismo empresarial.<br>El convenio permitir\u00e1 articular proyectos conjuntos, fortalecer la transferencia de conocimiento, impulsar el talento universitario y atender de manera directa las demandas del sector industrial, generando beneficios mutuos tanto para la comunidad acad\u00e9mica como para las empresas afiliadas a la CANACINTRA.<\/p>\n","protected":false},"excerpt":{"rendered":"En una acci\u00f3n que reafirma el compromiso con la formaci\u00f3n integral de la comunidad estudiantil y el impulso al desarrollo regional, la Universidad Aut\u00f3noma de Tamaulipas (UAT) llev\u00f3 a cabo la firma de convenio Vinculaci\u00f3n Acad\u00e9mica y Empresarial con la C\u00e1mara Nacional de la Industria de Transformaci\u00f3n (CANACINTRA), delegaci\u00f3n Tampico.El acuerdo tiene como objetivo central","protected":false},"author":1,"featured_media":4642,"comment_status":"open","ping_status":"open","sticky":false,"template":"","format":"standard","meta":{"_monsterinsights_skip_tracking":false,"_monsterinsights_sitenote_active":false,"_monsterinsights_sitenote_note":"","_monsterinsights_sitenote_category":0,"footnotes":""},"categories":[3],"tags":[],"class_list":["post-4640","post","type-post","status-publish","format-standard","has-post-thumbnail","hentry","category-noticias"],"aioseo_notices":[],"amp_enabled":true,"_links":{"self":[{"href":"https:\/\/tamaulipasmiregion.com\/index.php?rest_route=\/wp\/v2\/posts\/4640","targetHints":{"allow":["GET"]}}],"collection":[{"href":"https:\/\/tamaulipasmiregion.com\/index.php?rest_route=\/wp\/v2\/posts"}],"about":[{"href":"https:\/\/tamaulipasmiregion.com\/index.php?rest_route=\/wp\/v2\/types\/post"}],"author":[{"embeddable":true,"href":"https:\/\/tamaulipasmiregion.com\/index.php?rest_route=\/wp\/v2\/users\/1"}],"replies":[{"embeddable":true,"href":"https:\/\/tamaulipasmiregion.com\/index.php?rest_route=%2Fwp%2Fv2%2Fcomments&post=4640"}],"version-history":[{"count":1,"href":"https:\/\/tamaulipasmiregion.com\/index.php?rest_route=\/wp\/v2\/posts\/4640\/revisions"}],"predecessor-version":[{"id":4643,"href":"https:\/\/tamaulipasmiregion.com\/index.php?rest_route=\/wp\/v2\/posts\/4640\/revisions\/4643"}],"wp:featuredmedia":[{"embeddable":true,"href":"https:\/\/tamaulipasmiregion.com\/index.php?rest_route=\/wp\/v2\/media\/4642"}],"wp:attachment":[{"href":"https:\/\/tamaulipasmiregion.com\/index.php?rest_route=%2Fwp%2Fv2%2Fmedia&parent=4640"}],"wp:term":[{"taxonomy":"category","embeddable":true,"href":"https:\/\/tamaulipasmiregion.com\/index.php?rest_route=%2Fwp%2Fv2%2Fcategories&post=4640"},{"taxonomy":"post_tag","embeddable":true,"href":"https:\/\/tamaulipasmiregion.com\/index.php?rest_route=%2Fwp%2Fv2%2Ftags&post=4640"}],"curies":[{"name":"wp","href":"https:\/\/api.w.org\/{rel}","templated":true}]}}