{"id":4641,"date":"2026-02-01T19:18:52","date_gmt":"2026-02-01T19:18:52","guid":{"rendered":"https:\/\/tamaulipasmiregion.com\/?p=4641"},"modified":"2026-02-19T19:23:16","modified_gmt":"2026-02-19T19:23:16","slug":"la-uat-fortalece-la-investigacion-en-geomatica-y-gestion-territorial-2","status":"publish","type":"post","link":"https:\/\/tamaulipasmiregion.com\/?p=4641","title":{"rendered":"La UAT fortalece la investigaci\u00f3n en geom\u00e1tica y gesti\u00f3n territorial"},"content":{"rendered":"\n<p>El rector de la UAT, D\u00e1maso Anaya Alvarado, dio a conocer la nueva configuraci\u00f3n de este centro de investigaci\u00f3n, cuyo cambio fue autorizado por la Asamblea Universitaria, destacando la evoluci\u00f3n de su quehacer acad\u00e9mico, su especializaci\u00f3n disciplinaria y su proyecci\u00f3n institucional.<\/p>\n\n\n\n<p>En su mensaje, el rector explic\u00f3 que este tipo de decisiones forman parte de una visi\u00f3n de desarrollo universitario que avanza de manera ordenada y estrat\u00e9gica, fortaleciendo aquellas \u00e1reas del conocimiento que responden a los retos actuales del entorno social, econ\u00f3mico y ambiental.<\/p>\n\n\n\n<p>Subray\u00f3 que la geom\u00e1tica y la gesti\u00f3n territorial representan campos clave para el desarrollo del estado y del pa\u00eds, por lo que su impulso, desde la Universidad, permite consolidar el posgrado, fortalecer la investigaci\u00f3n cient\u00edfica, promover la generaci\u00f3n de conocimiento aplicado y ampliar la participaci\u00f3n de estudiantes y docentes en proyectos con impacto social.<\/p>\n\n\n\n<p>El enfoque del ahora denominado Instituto de Geom\u00e1tica y Gesti\u00f3n Territorial responde a la trayectoria acad\u00e9mica y operativa de esta dependencia, cuya actividad sustantiva se ha orientado en campos especializados como los sensores remotos, los sistemas de informaci\u00f3n geogr\u00e1fica y el an\u00e1lisis territorial, \u00e1reas que han adquirido creciente relevancia en la toma de decisiones y la planeaci\u00f3n del desarrollo.<\/p>\n\n\n\n<p><\/p>\n","protected":false},"excerpt":{"rendered":"El rector de la UAT, D\u00e1maso Anaya Alvarado, dio a conocer la nueva configuraci\u00f3n de este centro de investigaci\u00f3n, cuyo cambio fue autorizado por la Asamblea Universitaria, destacando la evoluci\u00f3n de su quehacer acad\u00e9mico, su especializaci\u00f3n disciplinaria y su proyecci\u00f3n institucional. En su mensaje, el rector explic\u00f3 que este tipo de decisiones forman parte de","protected":false},"author":2,"featured_media":4644,"comment_status":"open","ping_status":"open","sticky":false,"template":"","format":"standard","meta":{"_monsterinsights_skip_tracking":false,"_monsterinsights_sitenote_active":false,"_monsterinsights_sitenote_note":"","_monsterinsights_sitenote_category":0,"footnotes":""},"categories":[1],"tags":[],"class_list":["post-4641","post","type-post","status-publish","format-standard","has-post-thumbnail","hentry","category-uncategorized"],"aioseo_notices":[],"amp_enabled":true,"_links":{"self":[{"href":"https:\/\/tamaulipasmiregion.com\/index.php?rest_route=\/wp\/v2\/posts\/4641","targetHints":{"allow":["GET"]}}],"collection":[{"href":"https:\/\/tamaulipasmiregion.com\/index.php?rest_route=\/wp\/v2\/posts"}],"about":[{"href":"https:\/\/tamaulipasmiregion.com\/index.php?rest_route=\/wp\/v2\/types\/post"}],"author":[{"embeddable":true,"href":"https:\/\/tamaulipasmiregion.com\/index.php?rest_route=\/wp\/v2\/users\/2"}],"replies":[{"embeddable":true,"href":"https:\/\/tamaulipasmiregion.com\/index.php?rest_route=%2Fwp%2Fv2%2Fcomments&post=4641"}],"version-history":[{"count":2,"href":"https:\/\/tamaulipasmiregion.com\/index.php?rest_route=\/wp\/v2\/posts\/4641\/revisions"}],"predecessor-version":[{"id":4646,"href":"https:\/\/tamaulipasmiregion.com\/index.php?rest_route=\/wp\/v2\/posts\/4641\/revisions\/4646"}],"wp:featuredmedia":[{"embeddable":true,"href":"https:\/\/tamaulipasmiregion.com\/index.php?rest_route=\/wp\/v2\/media\/4644"}],"wp:attachment":[{"href":"https:\/\/tamaulipasmiregion.com\/index.php?rest_route=%2Fwp%2Fv2%2Fmedia&parent=4641"}],"wp:term":[{"taxonomy":"category","embeddable":true,"href":"https:\/\/tamaulipasmiregion.com\/index.php?rest_route=%2Fwp%2Fv2%2Fcategories&post=4641"},{"taxonomy":"post_tag","embeddable":true,"href":"https:\/\/tamaulipasmiregion.com\/index.php?rest_route=%2Fwp%2Fv2%2Ftags&post=4641"}],"curies":[{"name":"wp","href":"https:\/\/api.w.org\/{rel}","templated":true}]}}