{"id":4652,"date":"2026-02-03T19:36:37","date_gmt":"2026-02-03T19:36:37","guid":{"rendered":"https:\/\/tamaulipasmiregion.com\/?p=4652"},"modified":"2026-02-19T19:40:51","modified_gmt":"2026-02-19T19:40:51","slug":"la-uat-y-gobierno-de-tampico-formaran-expertos-en-psicologia-forense-2","status":"publish","type":"post","link":"https:\/\/tamaulipasmiregion.com\/?p=4652","title":{"rendered":"La UAT y Gobierno de Tampico formar\u00e1n expertos en psicolog\u00eda forense"},"content":{"rendered":"\n<p>El rector de la UAT, D\u00e1maso Anaya Alvarado, y la presidenta municipal de Tampico, M\u00f3nica Zacil Villarreal Anaya, firmaron el acuerdo que responde a la demanda de especializaci\u00f3n en el \u00e1mbito de la psicolog\u00eda forense, el cual marcar\u00e1 un impacto directo en el fortalecimiento de la atenci\u00f3n a v\u00edctimas y en la reconstrucci\u00f3n del tejido social de la regi\u00f3n.<\/p>\n\n\n\n<p>La Facultad de Derecho y Ciencias Sociales de la UAT del Campus Sur (FADYCS) y el Sistema para el Desarrollo Integral de la Familia (DIF) Tampico tienen a cargo la implementaci\u00f3n del posgrado que iniciar\u00e1 en agosto de 2026.<\/p>\n\n\n\n<p>El rector D\u00e1maso Anaya se\u00f1al\u00f3 que este convenio es una alianza estrat\u00e9gica orientada a formar especialistas que pongan el conocimiento cient\u00edfico al servicio de la justicia, la protecci\u00f3n de los derechos humanos y el bienestar comunitario.<\/p>\n\n\n\n<p>Acompa\u00f1ado de su esposa, Lic. Isolda Rend\u00f3n de Anaya, presidenta de Familia UAT, el rector reconoci\u00f3 la disposici\u00f3n del Gobierno Municipal y del DIF Tampico para impulsar la profesionalizaci\u00f3n del servicio p\u00fablico, as\u00ed como el trabajo de las \u00e1reas acad\u00e9micas de la UAT que hicieron posible este proyecto.<\/p>\n\n\n\n<p>Por su parte, la alcaldesa M\u00f3nica Villarreal, reconoci\u00f3 a la UAT como aliada fundamental del municipio para impulsar acciones con sentido humano, luego de resaltar el trabajo que se ha desarrollado con la Facultad de Derecho y Ciencias Sociales en programas preventivos en escuelas y acciones de atenci\u00f3n comunitaria, subrayando que la nueva especialidad consolida esta uni\u00f3n de esfuerzos para contar con profesionales altamente capacitados.<\/p>\n\n\n\n<p>Indic\u00f3 que el posgrado surge de una necesidad detectada por el DIF Tampico y demuestra c\u00f3mo la vinculaci\u00f3n entre el gobierno y la academia genera proyectos de alto impacto, ya que esta especialidad marcar\u00e1 un precedente y fortalecer\u00e1 la confianza social en la regi\u00f3n.<\/p>\n\n\n\n<p>Acompa\u00f1aron en la ceremonia, la presidenta del DIF Tampico, Luz Adriana Villarreal Anaya, y la directora de la FADYCS, Elda Ruth de los Reyes Villarreal, as\u00ed como autoridades universitarias y municipales.<\/p>\n\n\n\n<p>Cabe destacar que la Especialidad en Psicolog\u00eda Forense tiene como prop\u00f3sito formar profesionales que intervengan en contextos legales, con enfoque \u00e9tico y humanista. Entre sus objetivos destacan desarrollar investigaci\u00f3n aplicada, articular pr\u00e1cticas con el DIF Tampico y organismos p\u00fablicos, as\u00ed como contribuir a la prevenci\u00f3n de la violencia y la protecci\u00f3n de grupos vulnerables.<\/p>\n","protected":false},"excerpt":{"rendered":"El rector de la UAT, D\u00e1maso Anaya Alvarado, y la presidenta municipal de Tampico, M\u00f3nica Zacil Villarreal Anaya, firmaron el acuerdo que responde a la demanda de especializaci\u00f3n en el \u00e1mbito de la psicolog\u00eda forense, el cual marcar\u00e1 un impacto directo en el fortalecimiento de la atenci\u00f3n a v\u00edctimas y en la reconstrucci\u00f3n del tejido","protected":false},"author":1,"featured_media":4653,"comment_status":"open","ping_status":"open","sticky":false,"template":"","format":"standard","meta":{"_monsterinsights_skip_tracking":false,"_monsterinsights_sitenote_active":false,"_monsterinsights_sitenote_note":"","_monsterinsights_sitenote_category":0,"footnotes":""},"categories":[1],"tags":[],"class_list":["post-4652","post","type-post","status-publish","format-standard","has-post-thumbnail","hentry","category-uncategorized"],"aioseo_notices":[],"amp_enabled":true,"_links":{"self":[{"href":"https:\/\/tamaulipasmiregion.com\/index.php?rest_route=\/wp\/v2\/posts\/4652","targetHints":{"allow":["GET"]}}],"collection":[{"href":"https:\/\/tamaulipasmiregion.com\/index.php?rest_route=\/wp\/v2\/posts"}],"about":[{"href":"https:\/\/tamaulipasmiregion.com\/index.php?rest_route=\/wp\/v2\/types\/post"}],"author":[{"embeddable":true,"href":"https:\/\/tamaulipasmiregion.com\/index.php?rest_route=\/wp\/v2\/users\/1"}],"replies":[{"embeddable":true,"href":"https:\/\/tamaulipasmiregion.com\/index.php?rest_route=%2Fwp%2Fv2%2Fcomments&post=4652"}],"version-history":[{"count":2,"href":"https:\/\/tamaulipasmiregion.com\/index.php?rest_route=\/wp\/v2\/posts\/4652\/revisions"}],"predecessor-version":[{"id":4655,"href":"https:\/\/tamaulipasmiregion.com\/index.php?rest_route=\/wp\/v2\/posts\/4652\/revisions\/4655"}],"wp:featuredmedia":[{"embeddable":true,"href":"https:\/\/tamaulipasmiregion.com\/index.php?rest_route=\/wp\/v2\/media\/4653"}],"wp:attachment":[{"href":"https:\/\/tamaulipasmiregion.com\/index.php?rest_route=%2Fwp%2Fv2%2Fmedia&parent=4652"}],"wp:term":[{"taxonomy":"category","embeddable":true,"href":"https:\/\/tamaulipasmiregion.com\/index.php?rest_route=%2Fwp%2Fv2%2Fcategories&post=4652"},{"taxonomy":"post_tag","embeddable":true,"href":"https:\/\/tamaulipasmiregion.com\/index.php?rest_route=%2Fwp%2Fv2%2Ftags&post=4652"}],"curies":[{"name":"wp","href":"https:\/\/api.w.org\/{rel}","templated":true}]}}