{"id":4688,"date":"2026-02-12T20:13:58","date_gmt":"2026-02-12T20:13:58","guid":{"rendered":"https:\/\/tamaulipasmiregion.com\/?p=4688"},"modified":"2026-02-19T20:14:46","modified_gmt":"2026-02-19T20:14:46","slug":"fomenta-el-rector-damaso-anaya-talento-e-innovacion-en-la-fadu","status":"publish","type":"post","link":"https:\/\/tamaulipasmiregion.com\/?p=4688","title":{"rendered":"Fomenta el rector D\u00e1maso Anaya talento e innovaci\u00f3n en la FADU"},"content":{"rendered":"\n<p>Acompa\u00f1ado de su esposa, Lic. Isolda Rend\u00f3n de Anaya, presidenta de Familia UAT, el rector desarroll\u00f3 en este plantel universitario una jornada enfocada en impulsar el talento y la innovaci\u00f3n estudiantil, as\u00ed como el fortalecimiento de proyectos institucionales.<\/p>\n\n\n\n<p>Tras el mensaje de bienvenida de la directora de la FADU, Lisbeth Am\u00e9rica Brandt Garc\u00eda, y ante la presencia de docentes, estudiantes y personal administrativo, el rector D\u00e1maso Anaya inaugur\u00f3 nuevas instalaciones para las licenciaturas de Arquitectura, Dise\u00f1o Gr\u00e1fico, y Arquitectura de Interiores y Habitabilidad.<\/p>\n\n\n\n<p>M\u00e1s adelante supervis\u00f3 la modernizaci\u00f3n de los centros de c\u00f3mputo y presenci\u00f3 una clase muestra, donde dialog\u00f3 con los estudiantes reafirmando su compromiso de ofrecer infraestructura de vanguardia y potenciar la creatividad de toda la comunidad.<\/p>\n\n\n\n<p>Asimismo, sostuvo una reuni\u00f3n con el cuerpo docente para analizar acciones acad\u00e9micas y de gesti\u00f3n orientadas a consolidar el modelo educativo y asegurar una formaci\u00f3n alineada con las demandas profesionales. En este marco, se inform\u00f3 sobre la implementaci\u00f3n de talleres pr\u00e1cticos y multidisciplinarios que simulan el entorno laboral y el trabajo colaborativo.<\/p>\n\n\n\n<p>Finalmente, el rector se traslad\u00f3 a los jardines del plantel para acompa\u00f1ar a estudiantes y docentes en el evento denominado \u201cFADU Lovers\u00bb, donde comparti\u00f3 con las y los j\u00f3venes universitarios un animado encuentro de creatividad, m\u00fasica, colores y sabores como parte de las actividades de convivencia y participaci\u00f3n creativa que organiza la instituci\u00f3n.<\/p>\n\n\n\n<p>El rector mencion\u00f3 que esta visita le permiti\u00f3 acercarse directamente a docentes y estudiantes, escuchar sus necesidades y conocer los avances de la Universidad. Puntualiz\u00f3 que estos encuentros son fundamentales para identificar retos y oportunidades en cada centro universitario, fomentar la cooperaci\u00f3n y fortalecer la cercan\u00eda con la comunidad, as\u00ed como para orientar la mejora de la infraestructura, el equipamiento y los programas educativos.<\/p>\n","protected":false},"excerpt":{"rendered":"Acompa\u00f1ado de su esposa, Lic. Isolda Rend\u00f3n de Anaya, presidenta de Familia UAT, el rector desarroll\u00f3 en este plantel universitario una jornada enfocada en impulsar el talento y la innovaci\u00f3n estudiantil, as\u00ed como el fortalecimiento de proyectos institucionales. Tras el mensaje de bienvenida de la directora de la FADU, Lisbeth Am\u00e9rica Brandt Garc\u00eda, y ante","protected":false},"author":1,"featured_media":4689,"comment_status":"open","ping_status":"open","sticky":false,"template":"","format":"standard","meta":{"_monsterinsights_skip_tracking":false,"_monsterinsights_sitenote_active":false,"_monsterinsights_sitenote_note":"","_monsterinsights_sitenote_category":0,"footnotes":""},"categories":[1],"tags":[],"class_list":["post-4688","post","type-post","status-publish","format-standard","has-post-thumbnail","hentry","category-uncategorized"],"aioseo_notices":[],"amp_enabled":true,"_links":{"self":[{"href":"https:\/\/tamaulipasmiregion.com\/index.php?rest_route=\/wp\/v2\/posts\/4688","targetHints":{"allow":["GET"]}}],"collection":[{"href":"https:\/\/tamaulipasmiregion.com\/index.php?rest_route=\/wp\/v2\/posts"}],"about":[{"href":"https:\/\/tamaulipasmiregion.com\/index.php?rest_route=\/wp\/v2\/types\/post"}],"author":[{"embeddable":true,"href":"https:\/\/tamaulipasmiregion.com\/index.php?rest_route=\/wp\/v2\/users\/1"}],"replies":[{"embeddable":true,"href":"https:\/\/tamaulipasmiregion.com\/index.php?rest_route=%2Fwp%2Fv2%2Fcomments&post=4688"}],"version-history":[{"count":2,"href":"https:\/\/tamaulipasmiregion.com\/index.php?rest_route=\/wp\/v2\/posts\/4688\/revisions"}],"predecessor-version":[{"id":4691,"href":"https:\/\/tamaulipasmiregion.com\/index.php?rest_route=\/wp\/v2\/posts\/4688\/revisions\/4691"}],"wp:featuredmedia":[{"embeddable":true,"href":"https:\/\/tamaulipasmiregion.com\/index.php?rest_route=\/wp\/v2\/media\/4689"}],"wp:attachment":[{"href":"https:\/\/tamaulipasmiregion.com\/index.php?rest_route=%2Fwp%2Fv2%2Fmedia&parent=4688"}],"wp:term":[{"taxonomy":"category","embeddable":true,"href":"https:\/\/tamaulipasmiregion.com\/index.php?rest_route=%2Fwp%2Fv2%2Fcategories&post=4688"},{"taxonomy":"post_tag","embeddable":true,"href":"https:\/\/tamaulipasmiregion.com\/index.php?rest_route=%2Fwp%2Fv2%2Ftags&post=4688"}],"curies":[{"name":"wp","href":"https:\/\/api.w.org\/{rel}","templated":true}]}}