{"id":4966,"date":"2026-04-21T05:07:11","date_gmt":"2026-04-21T05:07:11","guid":{"rendered":"https:\/\/tamaulipasmiregion.com\/?p=4966"},"modified":"2026-04-29T05:08:03","modified_gmt":"2026-04-29T05:08:03","slug":"la-uat-sera-sede-del-congreso-nacional-e-internacional-de-trabajo-social","status":"publish","type":"post","link":"https:\/\/tamaulipasmiregion.com\/?p=4966","title":{"rendered":"La UAT ser\u00e1 sede del Congreso Nacional e Internacional de Trabajo Social"},"content":{"rendered":"\n<p><br>Con el fin de analizar los desaf\u00edos sociales contempor\u00e1neos y proponer soluciones innovadoras, la Universidad Aut\u00f3noma de Tamaulipas (UAT) ser\u00e1 sede del LXIII Congreso Nacional y XIII Internacional de Trabajo Social, que se llevar\u00e1 a cabo del 7 al 9 de mayo de 2026 en el Campus Victoria.<br>La Dra. Blanca Guadalupe Cid de Le\u00f3n Bujanos, directora de la Unidad Acad\u00e9mica de Trabajo Social y Ciencias para el Desarrollo Humano (UATSCDH), inform\u00f3 que este encuentro se organiza con el respaldo del rector de la UAT, D\u00e1maso Anaya Alvarado y la colaboraci\u00f3n de la Asociaci\u00f3n Mexicana de Escuelas de Trabajo Social (AMIETS).<br>Indic\u00f3 que, bajo el lema \u00abDerechos Sociales, Bienestar y Buen Vivir\u00bb, el evento busca fortalecer el impacto de la profesi\u00f3n en la reconstrucci\u00f3n del tejido social, donde se contar\u00e1 con la participaci\u00f3n de especialistas nacionales e internacionales.<br>En ese contexto, destac\u00f3 la importancia de profundizar en las necesidades y las problem\u00e1ticas principales de la sociedad \u201cpara poder contribuir a que el tejido social realmente sea impactado, con lo que nosotros tenemos como parte de la formaci\u00f3n acad\u00e9mica\u201d, se\u00f1al\u00f3.<br>Explic\u00f3 que esta disciplina ha evolucionado de manera importante con el paso de los a\u00f1os, y recalc\u00f3 la trascendencia de impulsar estos congresos acad\u00e9micos y de investigaci\u00f3n para involucrar a los futuros profesionales en las nuevas tendencias, as\u00ed como con el estudio y estrategias que ser\u00e1n claves para afrontar las problem\u00e1ticas que afectan a la sociedad.<br>La directora Blanca Guadalupe Cid de Le\u00f3n inform\u00f3 que se ha convocado la participaci\u00f3n de especialistas, acad\u00e9micos y profesionales del trabajo social y otras \u00e1reas, con la finalidad de crear un espacio para el intercambio de experiencias que enriquecer\u00e1n la formaci\u00f3n universitaria del alumnado.<br>Indic\u00f3 que, en referencia a las tem\u00e1ticas de este encuentro, la instituci\u00f3n ha venido trabajando de manera permanente con otras facultades de diferentes universidades del pa\u00eds, adem\u00e1s de publicar libros y otros productos acad\u00e9micos que se estar\u00e1n exponiendo durante los eventos.<br>Finalmente, agradeci\u00f3 al rector D\u00e1maso Anaya por su apoyo incondicional, su respaldo y el compromiso para que se lleve este importante encuentro acad\u00e9mico que, sin duda, contribuir\u00e1 al fortalecimiento de la formaci\u00f3n profesional y el impulso del trabajo social en Tamaulipas y M\u00e9xico.<\/p>\n","protected":false},"excerpt":{"rendered":"Con el fin de analizar los desaf\u00edos sociales contempor\u00e1neos y proponer soluciones innovadoras, la Universidad Aut\u00f3noma de Tamaulipas (UAT) ser\u00e1 sede del LXIII Congreso Nacional y XIII Internacional de Trabajo Social, que se llevar\u00e1 a cabo del 7 al 9 de mayo de 2026 en el Campus Victoria.La Dra. Blanca Guadalupe Cid de Le\u00f3n Bujanos,","protected":false},"author":1,"featured_media":4967,"comment_status":"open","ping_status":"open","sticky":false,"template":"","format":"standard","meta":{"_monsterinsights_skip_tracking":false,"_monsterinsights_sitenote_active":false,"_monsterinsights_sitenote_note":"","_monsterinsights_sitenote_category":0,"footnotes":""},"categories":[3],"tags":[],"class_list":["post-4966","post","type-post","status-publish","format-standard","has-post-thumbnail","hentry","category-noticias"],"aioseo_notices":[],"amp_enabled":true,"_links":{"self":[{"href":"https:\/\/tamaulipasmiregion.com\/index.php?rest_route=\/wp\/v2\/posts\/4966","targetHints":{"allow":["GET"]}}],"collection":[{"href":"https:\/\/tamaulipasmiregion.com\/index.php?rest_route=\/wp\/v2\/posts"}],"about":[{"href":"https:\/\/tamaulipasmiregion.com\/index.php?rest_route=\/wp\/v2\/types\/post"}],"author":[{"embeddable":true,"href":"https:\/\/tamaulipasmiregion.com\/index.php?rest_route=\/wp\/v2\/users\/1"}],"replies":[{"embeddable":true,"href":"https:\/\/tamaulipasmiregion.com\/index.php?rest_route=%2Fwp%2Fv2%2Fcomments&post=4966"}],"version-history":[{"count":1,"href":"https:\/\/tamaulipasmiregion.com\/index.php?rest_route=\/wp\/v2\/posts\/4966\/revisions"}],"predecessor-version":[{"id":4968,"href":"https:\/\/tamaulipasmiregion.com\/index.php?rest_route=\/wp\/v2\/posts\/4966\/revisions\/4968"}],"wp:featuredmedia":[{"embeddable":true,"href":"https:\/\/tamaulipasmiregion.com\/index.php?rest_route=\/wp\/v2\/media\/4967"}],"wp:attachment":[{"href":"https:\/\/tamaulipasmiregion.com\/index.php?rest_route=%2Fwp%2Fv2%2Fmedia&parent=4966"}],"wp:term":[{"taxonomy":"category","embeddable":true,"href":"https:\/\/tamaulipasmiregion.com\/index.php?rest_route=%2Fwp%2Fv2%2Fcategories&post=4966"},{"taxonomy":"post_tag","embeddable":true,"href":"https:\/\/tamaulipasmiregion.com\/index.php?rest_route=%2Fwp%2Fv2%2Ftags&post=4966"}],"curies":[{"name":"wp","href":"https:\/\/api.w.org\/{rel}","templated":true}]}}