{"id":4981,"date":"2026-04-26T05:28:31","date_gmt":"2026-04-26T05:28:31","guid":{"rendered":"https:\/\/tamaulipasmiregion.com\/?p=4981"},"modified":"2026-04-29T05:30:07","modified_gmt":"2026-04-29T05:30:07","slug":"rendira-damaso-anaya-su-segundo-informe-al-frente-de-la-uat","status":"publish","type":"post","link":"https:\/\/tamaulipasmiregion.com\/?p=4981","title":{"rendered":"Rendir\u00e1 D\u00e1maso Anaya su Segundo Informe al frente de la UAT"},"content":{"rendered":"\n<p><\/p>\n\n\n\n<p>El rector de la Universidad Aut\u00f3noma de Tamaulipas (UAT), D\u00e1maso Anaya Alvarado, rendir\u00e1 este mi\u00e9rcoles 29 de abril, a las 12:00 horas, su Segundo Informe de Labores, en un ejercicio de transparencia y rendici\u00f3n de cuentas en el que presentar\u00e1 a la comunidad universitaria y a la sociedad los avances alcanzados durante su administraci\u00f3n.<br>En ceremonia solemne ante la Asamblea General Universitaria, el rector dar\u00e1 cuenta de los resultados y acciones en los rubros sustantivos como la consolidaci\u00f3n de la calidad acad\u00e9mica, diversificaci\u00f3n de la oferta educativa, el incremento de la matr\u00edcula, el impulso a programas de apoyo para estudiantes, el fortalecimiento de la infraestructura universitaria y la modernizaci\u00f3n de los espacios destinados a la ense\u00f1anza, la investigaci\u00f3n y la innovaci\u00f3n.<br>Asimismo, informar\u00e1 sobre los avances en la gesti\u00f3n institucional y vinculaci\u00f3n estrat\u00e9gica, destacando las acciones encaminadas a consolidar alianzas, ampliar oportunidades de colaboraci\u00f3n y fortalecer la presencia de la UAT en el desarrollo social y productivo.<br>D\u00e1maso Anaya tambi\u00e9n presentar\u00e1 resultados en materia de impulso a la formaci\u00f3n. Integral destacando la promoci\u00f3n del deporte universitario y la actividad cultural, asi como la implementaci\u00f3n de un modelo educativo con una visi\u00f3n humanista, reafirmando el compromiso de continuar construyendo una universidad con mayores oportunidades para sus estudiantes y una mayor contribuci\u00f3n al desarrollo del estado.<br>El Segundo Informe del rector D\u00e1maso Anaya Alvarado ser\u00e1 transmitido en vivo a trav\u00e9s de los canales oficiales de la UAT, para que tanto la comunidad universitaria, como la sociedad en general puedan dar seguimiento a este importante mensaje institucional.<\/p>\n","protected":false},"excerpt":{"rendered":"El rector de la Universidad Aut\u00f3noma de Tamaulipas (UAT), D\u00e1maso Anaya Alvarado, rendir\u00e1 este mi\u00e9rcoles 29 de abril, a las 12:00 horas, su Segundo Informe de Labores, en un ejercicio de transparencia y rendici\u00f3n de cuentas en el que presentar\u00e1 a la comunidad universitaria y a la sociedad los avances alcanzados durante su administraci\u00f3n.En ceremonia","protected":false},"author":1,"featured_media":4982,"comment_status":"open","ping_status":"open","sticky":false,"template":"","format":"standard","meta":{"_monsterinsights_skip_tracking":false,"_monsterinsights_sitenote_active":false,"_monsterinsights_sitenote_note":"","_monsterinsights_sitenote_category":0,"footnotes":""},"categories":[3],"tags":[],"class_list":["post-4981","post","type-post","status-publish","format-standard","has-post-thumbnail","hentry","category-noticias"],"aioseo_notices":[],"amp_enabled":true,"_links":{"self":[{"href":"https:\/\/tamaulipasmiregion.com\/index.php?rest_route=\/wp\/v2\/posts\/4981","targetHints":{"allow":["GET"]}}],"collection":[{"href":"https:\/\/tamaulipasmiregion.com\/index.php?rest_route=\/wp\/v2\/posts"}],"about":[{"href":"https:\/\/tamaulipasmiregion.com\/index.php?rest_route=\/wp\/v2\/types\/post"}],"author":[{"embeddable":true,"href":"https:\/\/tamaulipasmiregion.com\/index.php?rest_route=\/wp\/v2\/users\/1"}],"replies":[{"embeddable":true,"href":"https:\/\/tamaulipasmiregion.com\/index.php?rest_route=%2Fwp%2Fv2%2Fcomments&post=4981"}],"version-history":[{"count":1,"href":"https:\/\/tamaulipasmiregion.com\/index.php?rest_route=\/wp\/v2\/posts\/4981\/revisions"}],"predecessor-version":[{"id":4983,"href":"https:\/\/tamaulipasmiregion.com\/index.php?rest_route=\/wp\/v2\/posts\/4981\/revisions\/4983"}],"wp:featuredmedia":[{"embeddable":true,"href":"https:\/\/tamaulipasmiregion.com\/index.php?rest_route=\/wp\/v2\/media\/4982"}],"wp:attachment":[{"href":"https:\/\/tamaulipasmiregion.com\/index.php?rest_route=%2Fwp%2Fv2%2Fmedia&parent=4981"}],"wp:term":[{"taxonomy":"category","embeddable":true,"href":"https:\/\/tamaulipasmiregion.com\/index.php?rest_route=%2Fwp%2Fv2%2Fcategories&post=4981"},{"taxonomy":"post_tag","embeddable":true,"href":"https:\/\/tamaulipasmiregion.com\/index.php?rest_route=%2Fwp%2Fv2%2Ftags&post=4981"}],"curies":[{"name":"wp","href":"https:\/\/api.w.org\/{rel}","templated":true}]}}