{"id":501,"date":"2022-01-06T18:55:00","date_gmt":"2022-01-06T18:55:00","guid":{"rendered":"https:\/\/tamaulipasmiregion.com\/?p=501"},"modified":"2022-08-19T18:56:36","modified_gmt":"2022-08-19T18:56:36","slug":"rector-guillermo-mendoza-entrega-nombramientos-a-titulares-de-secretarias-de-la-uat","status":"publish","type":"post","link":"https:\/\/tamaulipasmiregion.com\/?p=501","title":{"rendered":"Rector Guillermo Mendoza entrega nombramientos a titulares de secretar\u00edas de la UAT"},"content":{"rendered":"\n<p>\u2022 Presenta al colegio de directores a integrantes de su gabinete rectoral para el per\u00edodo 2022-2025.<\/p>\n\n\n\n<p>Cd. Victoria, Tamaulipas, 6 de enero de 2022.<\/p>\n\n\n\n<p>El <a><\/a>C.P. Guillermo Mendoza Cavazos, Rector de la Universidad Aut\u00f3noma de Tamaulipas (UAT), entreg\u00f3 nombramientos a titulares de las secretar\u00edas y \u00e1reas de staff que conformar\u00e1n su gabinete en la administraci\u00f3n central de la m\u00e1xima casa de estudios de la entidad durante el periodo 2022-2025.<\/p>\n\n\n\n<p>La presentaci\u00f3n del nuevo gabinete rectoral se llev\u00f3 a cabo durante la primera sesi\u00f3n del Colegio de Directores que preside el C.P. Mendoza Cavazos, en la cual se dio a conocer tambi\u00e9n el Modelo H\u00edbrido para el Retorno Seguro a Clases Presenciales Periodo 2022-1.<\/p>\n\n\n\n<p>En la reuni\u00f3n celebrada en el Centro de Excelencia del Campus Victoria, ante los directivos de las 26 dependencias acad\u00e9micas de la UAT, el Rector Guillermo Mendoza hizo entrega de los nombramientos, designando en la Secretar\u00eda General, al Doctor en Ciencias de la Educaci\u00f3n Eduardo Arvizu S\u00e1nchez; en la Secretar\u00eda Acad\u00e9mica, a la Doctora en Ciencias Biom\u00e9dicas Rosa Issel Acosta Gonz\u00e1lez; y en la Secretar\u00eda de Administraci\u00f3n, al Mtro. Rafael Pichardo Torres.<\/p>\n\n\n\n<p>En otros nombramientos, al Maestro en Big Data e Inteligencia Organizacional Franklin Huerta Castro como encargado del Despacho de la Secretar\u00eda de Finanzas; al Doctor en Ciencias Administrativas Humberto de la Garza Almaz\u00e1n, Titular del \u00d3rgano Interno de Control; y a la Doctora en Cultura de los Cuidados Cinthya Patricia Ibarra Gonz\u00e1lez, al frente de la Secretar\u00eda de Gesti\u00f3n Escolar.<\/p>\n\n\n\n<p>La Secretar\u00eda Comunicaci\u00f3n y Difusi\u00f3n queda a cargo del Mtro. Omar Benito de la Fuente Garza; mientras que el Mtro. Mauricio Pimentel Torres estar\u00e1 al frente de la Secretar\u00eda de Vinculaci\u00f3n.<\/p>\n\n\n\n<p>As\u00ed mismo, la Doctora en Administraci\u00f3n Mariana Zer\u00f3n F\u00e9lix, asume la Secretar\u00eda de Investigaci\u00f3n y Posgrado, mientras que el Maestro en Derecho Penal Omar Hern\u00e1ndez Ponciano fungir\u00e1 como Abogado General.<\/p>\n\n\n\n<p>Entreg\u00f3 tambi\u00e9n nombramientos, al Doctor en Educaci\u00f3n Luis Iv\u00e1n S\u00e1nchez Rodr\u00edguez, como titular de la Direcci\u00f3n de Planeaci\u00f3n y Evaluaci\u00f3n Institucional; al Doctor en Administraci\u00f3n P\u00fablica Jos\u00e9 Alberto C\u00e1rdenas de la Fuente, como Director de Organizaci\u00f3n y Normatividad; y al Mtro. Edgar Carre\u00f1o Herrera como Secretario Privado del Rector.<\/p>\n\n\n\n<p>En su oportunidad el Rector Mendoza Cavazos, convoc\u00f3 a trabajar en equipo, con el firme objetivo de seguir avanzando en la consolidaci\u00f3n de la m\u00e1xima casa de estudios en el estado.<\/p>\n\n\n\n<p>Destac\u00f3 que dentro de este ejercicio se ha integrado a personas j\u00f3venes y con mayor experiencia que cuenten con perfiles id\u00f3neos para las \u00e1reas estrat\u00e9gicas en su gesti\u00f3n rectoral.<\/p>\n\n\n\n<p>Manifest\u00f3 que el prop\u00f3sito es que la administraci\u00f3n central sea un soporte para las diferentes unidades acad\u00e9micas, facultades y escuelas de la UAT en los distintos aspectos acad\u00e9micos, administrativos, de vinculaci\u00f3n, investigaci\u00f3n y todas las actividades sustantivas que realizan.<\/p>\n\n\n\n<p>\u201cLo importante es empezar a interactuar entre las escuelas y fortalecer sus proyectos con la intenci\u00f3n de mejorar, superarnos y buscar una universidad con mayor presencia, fuerza y a la vanguardia\u201d, concluy\u00f3.<\/p>\n\n\n\n<p><a href=\"https:\/\/www.facebook.com\/photo\/?fbid=1695378227480491&amp;set=pcb.1695378430813804&amp;__cft__[0]=AZVINl2vEtKktWGJtwX5mkcyuxtJ5u85zGrGgVdLMIISiQrjOa_K85zjdFKTWy5Yfcb7cNknpfzKs3U-jf5KtMbzUs9atJoea8S4_PFf-VEel3Uakyew42yJSbyOhLgPXq-hGDANMdbbIWtOybFvP76tmpuvHzBoiOCmHQGYdMnjP2GUjNgzgqb_EAj0QPbf1AU&amp;__tn__=*bH-R\"><\/a><\/p>\n\n\n\n<p><a href=\"https:\/\/www.facebook.com\/photo\/?fbid=1695378260813821&amp;set=pcb.1695378430813804&amp;__cft__[0]=AZVINl2vEtKktWGJtwX5mkcyuxtJ5u85zGrGgVdLMIISiQrjOa_K85zjdFKTWy5Yfcb7cNknpfzKs3U-jf5KtMbzUs9atJoea8S4_PFf-VEel3Uakyew42yJSbyOhLgPXq-hGDANMdbbIWtOybFvP76tmpuvHzBoiOCmHQGYdMnjP2GUjNgzgqb_EAj0QPbf1AU&amp;__tn__=*bH-R\"><\/a><\/p>\n","protected":false},"excerpt":{"rendered":"\u2022 Presenta al colegio de directores a integrantes de su gabinete rectoral para el per\u00edodo 2022-2025. Cd. Victoria, Tamaulipas, 6 de enero de 2022. El C.P. Guillermo Mendoza Cavazos, Rector de la Universidad Aut\u00f3noma de Tamaulipas (UAT), entreg\u00f3 nombramientos a titulares de las secretar\u00edas y \u00e1reas de staff que conformar\u00e1n su gabinete en la administraci\u00f3n","protected":false},"author":1,"featured_media":502,"comment_status":"open","ping_status":"open","sticky":false,"template":"","format":"standard","meta":{"_monsterinsights_skip_tracking":false,"_monsterinsights_sitenote_active":false,"_monsterinsights_sitenote_note":"","_monsterinsights_sitenote_category":0,"footnotes":""},"categories":[3],"tags":[],"class_list":["post-501","post","type-post","status-publish","format-standard","has-post-thumbnail","hentry","category-noticias"],"aioseo_notices":[],"amp_enabled":true,"_links":{"self":[{"href":"https:\/\/tamaulipasmiregion.com\/index.php?rest_route=\/wp\/v2\/posts\/501","targetHints":{"allow":["GET"]}}],"collection":[{"href":"https:\/\/tamaulipasmiregion.com\/index.php?rest_route=\/wp\/v2\/posts"}],"about":[{"href":"https:\/\/tamaulipasmiregion.com\/index.php?rest_route=\/wp\/v2\/types\/post"}],"author":[{"embeddable":true,"href":"https:\/\/tamaulipasmiregion.com\/index.php?rest_route=\/wp\/v2\/users\/1"}],"replies":[{"embeddable":true,"href":"https:\/\/tamaulipasmiregion.com\/index.php?rest_route=%2Fwp%2Fv2%2Fcomments&post=501"}],"version-history":[{"count":1,"href":"https:\/\/tamaulipasmiregion.com\/index.php?rest_route=\/wp\/v2\/posts\/501\/revisions"}],"predecessor-version":[{"id":504,"href":"https:\/\/tamaulipasmiregion.com\/index.php?rest_route=\/wp\/v2\/posts\/501\/revisions\/504"}],"wp:featuredmedia":[{"embeddable":true,"href":"https:\/\/tamaulipasmiregion.com\/index.php?rest_route=\/wp\/v2\/media\/502"}],"wp:attachment":[{"href":"https:\/\/tamaulipasmiregion.com\/index.php?rest_route=%2Fwp%2Fv2%2Fmedia&parent=501"}],"wp:term":[{"taxonomy":"category","embeddable":true,"href":"https:\/\/tamaulipasmiregion.com\/index.php?rest_route=%2Fwp%2Fv2%2Fcategories&post=501"},{"taxonomy":"post_tag","embeddable":true,"href":"https:\/\/tamaulipasmiregion.com\/index.php?rest_route=%2Fwp%2Fv2%2Ftags&post=501"}],"curies":[{"name":"wp","href":"https:\/\/api.w.org\/{rel}","templated":true}]}}