{"id":514,"date":"2022-02-02T19:03:00","date_gmt":"2022-02-02T19:03:00","guid":{"rendered":"https:\/\/tamaulipasmiregion.com\/?p=514"},"modified":"2022-08-19T19:03:36","modified_gmt":"2022-08-19T19:03:36","slug":"presenta-rector-la-nueva-estructura-organizacional-de-la-uat","status":"publish","type":"post","link":"https:\/\/tamaulipasmiregion.com\/?p=514","title":{"rendered":"Presenta Rector la nueva estructura organizacional de la UAT"},"content":{"rendered":"\n<p>\u2022 Preside Guillermo Mendoza la segunda reuni\u00f3n del Colegio de Directores.<\/p>\n\n\n\n<p>Ciudad Victoria, Tam., 2 de febrero de 2022.<\/p>\n\n\n\n<p>El C. P. Guillermo Mendoza Cavazos, Rector de la Universidad Aut\u00f3noma de Tamaulipas (UAT), present\u00f3 ante el Colegio de Directores la nueva estructura de la administraci\u00f3n central, con la prioridad de hacer m\u00e1s eficiente la atenci\u00f3n a los estudiantes y mejorar los est\u00e1ndares de calidad en las funciones sustantivas de la casa de estudios.<\/p>\n\n\n\n<p>Con la presencia de directores y directoras delas veintis\u00e9is dependencias acad\u00e9micas de la UAT, y siguiendo los protocolos de prevenci\u00f3n sanitaria, el Rector presidi\u00f3 la sesi\u00f3n en el Centro de Excelencia del Campus Victoria, acompa\u00f1ado del Secretario General, Dr. Eduardo Arvizu S\u00e1nchez, y titulares de las diferentes secretar\u00edas de la Rector\u00eda.<\/p>\n\n\n\n<p>Al iniciar las actividades, el C. P. Guillermo Mendoza Cavazos pidi\u00f3 un minuto de silencio como homenaje para el Dr. Marco Antonio Cortina Saint Andr\u00e9, quien en vida fuera el Director de la Facultad de Derecho y Ciencias Sociales de Tampico.<\/p>\n\n\n\n<p>En el desarrollo de la sesi\u00f3n, se expuso el organigrama y funciones de las \u00e1reas y dependencias de la gesti\u00f3n rectoraldel per\u00edodo 2022-2025, una vez que el pasado mes de enero concluy\u00f3 la entrega de nombramientos a quienes est\u00e1n a cargo de secretar\u00edas, direcciones y otras dependencias.<\/p>\n\n\n\n<p>Refiri\u00f3 el Rector que los esfuerzos de su administraci\u00f3n estar\u00e1n enfocados en la atenci\u00f3n de los maestros y alumnos,que son la base de la Universidad; por ello, subray\u00f3 que todo el mecanismo, tanto acad\u00e9mico como administrativo, ser\u00e1 una plataforma en la que los directores de las escuelas, facultades y unidades acad\u00e9micas se deben apoyar para llevar a cabo las funciones principales de la academia, la investigaci\u00f3n y la vinculaci\u00f3n.<\/p>\n\n\n\n<p>En esta segunda reuni\u00f3n del Colegio de Directores se expuso la estructura organizacional de la Rector\u00eda de la UAT, que estar\u00e1 integrada por el Gabinete Acad\u00e9mico, el Gabinete Econ\u00f3mico, el Gabinete de Vinculaci\u00f3n y el Gabinete de Gobernanza.<\/p>\n\n\n\n<p>Se detallaron las \u00e1reas que comprenden cada una de estas vertientes: el Gabinete Acad\u00e9mico, integrado por las secretar\u00edas Acad\u00e9mica, de Gesti\u00f3n Escolar, y de Investigaci\u00f3n y Posgrado, atender\u00e1 a estudiantes, docentes yprogramas educativos.<\/p>\n\n\n\n<p>El Gabinete Econ\u00f3mico estar\u00e1 integrado por las secretar\u00edas de Finanzas y de Administraci\u00f3n, cuya labor es el soporte financiero y de infraestructura de la Universidad.<\/p>\n\n\n\n<p>El Gabinete de Vinculaci\u00f3n lo integran la Secretar\u00eda de Vinculaci\u00f3n y la Secretar\u00eda de Comunicaci\u00f3n y Difusi\u00f3n, en tanto el Gabinete de Gobernanza ser\u00e1 conformado por la Secretar\u00eda General.<\/p>\n\n\n\n<p>Adem\u00e1s, se detallaron las funciones de la Oficina del Rector, del \u00d3rgano Interno de Control y otras \u00e1reas relacionadas con la planeaci\u00f3n institucional y la normatividad.<\/p>\n\n\n\n<p>En otra parte del orden del d\u00eda, se presentaron temas relacionados con el \u00e1rea de becas, administraci\u00f3n escolar, lineamientos de rendici\u00f3n de cuentas y trasparencia, entre otros.<\/p>\n","protected":false},"excerpt":{"rendered":"\u2022 Preside Guillermo Mendoza la segunda reuni\u00f3n del Colegio de Directores. Ciudad Victoria, Tam., 2 de febrero de 2022. El C. P. Guillermo Mendoza Cavazos, Rector de la Universidad Aut\u00f3noma de Tamaulipas (UAT), present\u00f3 ante el Colegio de Directores la nueva estructura de la administraci\u00f3n central, con la prioridad de hacer m\u00e1s eficiente la atenci\u00f3n","protected":false},"author":1,"featured_media":515,"comment_status":"open","ping_status":"open","sticky":false,"template":"","format":"standard","meta":{"_monsterinsights_skip_tracking":false,"_monsterinsights_sitenote_active":false,"_monsterinsights_sitenote_note":"","_monsterinsights_sitenote_category":0,"footnotes":""},"categories":[3],"tags":[],"class_list":["post-514","post","type-post","status-publish","format-standard","has-post-thumbnail","hentry","category-noticias"],"aioseo_notices":[],"amp_enabled":true,"_links":{"self":[{"href":"https:\/\/tamaulipasmiregion.com\/index.php?rest_route=\/wp\/v2\/posts\/514","targetHints":{"allow":["GET"]}}],"collection":[{"href":"https:\/\/tamaulipasmiregion.com\/index.php?rest_route=\/wp\/v2\/posts"}],"about":[{"href":"https:\/\/tamaulipasmiregion.com\/index.php?rest_route=\/wp\/v2\/types\/post"}],"author":[{"embeddable":true,"href":"https:\/\/tamaulipasmiregion.com\/index.php?rest_route=\/wp\/v2\/users\/1"}],"replies":[{"embeddable":true,"href":"https:\/\/tamaulipasmiregion.com\/index.php?rest_route=%2Fwp%2Fv2%2Fcomments&post=514"}],"version-history":[{"count":1,"href":"https:\/\/tamaulipasmiregion.com\/index.php?rest_route=\/wp\/v2\/posts\/514\/revisions"}],"predecessor-version":[{"id":516,"href":"https:\/\/tamaulipasmiregion.com\/index.php?rest_route=\/wp\/v2\/posts\/514\/revisions\/516"}],"wp:featuredmedia":[{"embeddable":true,"href":"https:\/\/tamaulipasmiregion.com\/index.php?rest_route=\/wp\/v2\/media\/515"}],"wp:attachment":[{"href":"https:\/\/tamaulipasmiregion.com\/index.php?rest_route=%2Fwp%2Fv2%2Fmedia&parent=514"}],"wp:term":[{"taxonomy":"category","embeddable":true,"href":"https:\/\/tamaulipasmiregion.com\/index.php?rest_route=%2Fwp%2Fv2%2Fcategories&post=514"},{"taxonomy":"post_tag","embeddable":true,"href":"https:\/\/tamaulipasmiregion.com\/index.php?rest_route=%2Fwp%2Fv2%2Ftags&post=514"}],"curies":[{"name":"wp","href":"https:\/\/api.w.org\/{rel}","templated":true}]}}