{"id":517,"date":"2022-08-19T19:13:32","date_gmt":"2022-08-19T19:13:32","guid":{"rendered":"https:\/\/tamaulipasmiregion.com\/?p=517"},"modified":"2022-08-19T19:13:42","modified_gmt":"2022-08-19T19:13:42","slug":"imparte-uat-conferencias-en-semana-mundial-de-la-lactancia-materna","status":"publish","type":"post","link":"https:\/\/tamaulipasmiregion.com\/?p=517","title":{"rendered":"Imparte UAT conferencias en semana mundial de la lactancia materna"},"content":{"rendered":"\n<p>La Facultad de Enfermer\u00eda Victoria (FEV) de la Universidad Aut\u00f3noma de Tamaulipas (UAT) llev\u00f3 a cabo un ciclo de conferencias en el marco de la conmemoraci\u00f3n de la Semana Mundial de la Lactancia Materna.<\/p>\n\n\n\n<p>Los temas impartidos mediante la plataforma Microsoft Teams los puso en marcha la Mtra. Laura Roxana de los Reyes Nieto, Directora de la FEV, quien destac\u00f3 la importancia que representa para esta instituci\u00f3n acad\u00e9mica difundir las bondades de la lactancia materna en el desarrollo de la infancia.<\/p>\n\n\n\n<p>Precis\u00f3 que este a\u00f1o el lema de la Semana Mundial de la Lactancia Materna exhorta a impulsar esta pr\u00e1ctica apoyando y educando, y refiri\u00f3 que desde 2016 esta actividad se ha alineado con los Objetivos de Desarrollo Sostenible, en relaci\u00f3n tambi\u00e9n con la Organizaci\u00f3n Mundial de la Salud (OMS), que en ese sentido ha establecido estrategias como informar a las personas de los beneficios a la salud, a la nutrici\u00f3n, a la seguridad alimentaria, as\u00ed como a la reducci\u00f3n de las desigualdades.<\/p>\n\n\n\n<p>Las conferencias iniciaron con la participaci\u00f3n de la Mtra. Alma Rosario Castillo Torres, quien imparti\u00f3 el tema\u201cBeneficios psicol\u00f3gicos de la lactancia materna\u201d, donde subray\u00f3 la importancia de dar a conocer los beneficiosf\u00edsicos y psicol\u00f3gicos de esta pr\u00e1ctica.<\/p>\n\n\n\n<p>Refiri\u00f3 que en la actualidad solo 38% de la poblaci\u00f3n mundial lacta a sus hijos y que tres ni\u00f1os de cada diez que nacen son lactados. Recalc\u00f3 por ello la importancia de que los profesionales de la salud conozcan formas de sensibilizar a las mam\u00e1s para que abracen esta pr\u00e1ctica.<\/p>\n\n\n\n<p>Mencion\u00f3 que la lactancia materna refuerza el v\u00ednculo madre-hijo en un proceso natural, y a\u00f1adi\u00f3 que el apego seguro se va generando siempre que la mam\u00e1,amorosamente, le dedique el tiempo necesario a su hijo.<\/p>\n\n\n\n<p>\u201cNo solo le va a trasmitir leche, le va a trasmitir autoconfianza, seguridad, dependencia segura. Si el beb\u00e9 se lacta los primeros seis meses, que es lo m\u00ednimo necesario, vamos a tener un hijo fuerte tanto inmunol\u00f3gicamente como psicol\u00f3gicamente\u201d, afirm\u00f3.<\/p>\n\n\n\n<p>La conferenciante advirti\u00f3 que si al beb\u00e9 se le hace dependiente de las f\u00f3rmulas, esta condici\u00f3n va a influir tambi\u00e9n en la interrupci\u00f3n de ese proceso natural de crianza, pues se env\u00eda el mensaje de que la madre no tiene el tiempo de atenderlo.<\/p>\n\n\n\n<p>Sostuvo que al cortarle el cord\u00f3n umbilical el ni\u00f1o se vuelve dependiente de la madre, y va a sobrevivir gracias a los cuidados que se le brinden. \u201cSi el v\u00ednculo afectivo con la madre fue sano, la persona va a establecerlo tal cual con las figuras de autoridad que lo rodean; pero si fue insano, el v\u00ednculo va a determinar el comportamiento con las figuras de autoridad\u201d.<\/p>\n\n\n\n<p>El ciclo de conferencias lo completaron los temas \u201cCaracter\u00edsticas y ventajas de la lactancia materna vs.suced\u00e1neos\u201d, por la Lic. Teresita L\u00f3pez Hern\u00e1ndez; \u201cT\u00e9cnicas para dar al lactante la leche materna extra\u00edda\u201d, a cargo de la Mtra. Elena Torres Rubio; \u201cLactancia materna en ni\u00f1os con labio leporino y paladar hendido\u201d, por la Dra. Sandra Ang\u00e9lica Ram\u00edrez Hern\u00e1ndez; as\u00ed como \u201cProblemas de la madre que afectan la lactancia materna\u201d, impartida por la Lic. Irma Estela Rodr\u00edguez Carrillo.<\/p>\n","protected":false},"excerpt":{"rendered":"La Facultad de Enfermer\u00eda Victoria (FEV) de la Universidad Aut\u00f3noma de Tamaulipas (UAT) llev\u00f3 a cabo un ciclo de conferencias en el marco de la conmemoraci\u00f3n de la Semana Mundial de la Lactancia Materna. Los temas impartidos mediante la plataforma Microsoft Teams los puso en marcha la Mtra. Laura Roxana de los Reyes Nieto, Directora","protected":false},"author":1,"featured_media":518,"comment_status":"open","ping_status":"open","sticky":false,"template":"","format":"standard","meta":{"_monsterinsights_skip_tracking":false,"_monsterinsights_sitenote_active":false,"_monsterinsights_sitenote_note":"","_monsterinsights_sitenote_category":0,"footnotes":""},"categories":[3],"tags":[],"class_list":["post-517","post","type-post","status-publish","format-standard","has-post-thumbnail","hentry","category-noticias"],"aioseo_notices":[],"amp_enabled":true,"_links":{"self":[{"href":"https:\/\/tamaulipasmiregion.com\/index.php?rest_route=\/wp\/v2\/posts\/517","targetHints":{"allow":["GET"]}}],"collection":[{"href":"https:\/\/tamaulipasmiregion.com\/index.php?rest_route=\/wp\/v2\/posts"}],"about":[{"href":"https:\/\/tamaulipasmiregion.com\/index.php?rest_route=\/wp\/v2\/types\/post"}],"author":[{"embeddable":true,"href":"https:\/\/tamaulipasmiregion.com\/index.php?rest_route=\/wp\/v2\/users\/1"}],"replies":[{"embeddable":true,"href":"https:\/\/tamaulipasmiregion.com\/index.php?rest_route=%2Fwp%2Fv2%2Fcomments&post=517"}],"version-history":[{"count":1,"href":"https:\/\/tamaulipasmiregion.com\/index.php?rest_route=\/wp\/v2\/posts\/517\/revisions"}],"predecessor-version":[{"id":519,"href":"https:\/\/tamaulipasmiregion.com\/index.php?rest_route=\/wp\/v2\/posts\/517\/revisions\/519"}],"wp:featuredmedia":[{"embeddable":true,"href":"https:\/\/tamaulipasmiregion.com\/index.php?rest_route=\/wp\/v2\/media\/518"}],"wp:attachment":[{"href":"https:\/\/tamaulipasmiregion.com\/index.php?rest_route=%2Fwp%2Fv2%2Fmedia&parent=517"}],"wp:term":[{"taxonomy":"category","embeddable":true,"href":"https:\/\/tamaulipasmiregion.com\/index.php?rest_route=%2Fwp%2Fv2%2Fcategories&post=517"},{"taxonomy":"post_tag","embeddable":true,"href":"https:\/\/tamaulipasmiregion.com\/index.php?rest_route=%2Fwp%2Fv2%2Ftags&post=517"}],"curies":[{"name":"wp","href":"https:\/\/api.w.org\/{rel}","templated":true}]}}