{"id":521,"date":"2022-02-09T15:52:00","date_gmt":"2022-02-09T15:52:00","guid":{"rendered":"https:\/\/tamaulipasmiregion.com\/?p=521"},"modified":"2022-08-22T15:53:37","modified_gmt":"2022-08-22T15:53:37","slug":"realiza-uat-eventos-por-el-dia-internacional-de-la-mujer-y-la-nina-en-la-ciencia","status":"publish","type":"post","link":"https:\/\/tamaulipasmiregion.com\/?p=521","title":{"rendered":"Realiza UAT eventos por el D\u00eda Internacional de la Mujer y la Ni\u00f1a en la Ciencia"},"content":{"rendered":"\n<p>\u2022 El Rector Guillermo Mendoza inaugura actividades que se desarrollan del 9 al 11 de febrero.<\/p>\n\n\n\n<p>El C. P. Guillermo Mendoza Cavazos, Rector de la Universidad Aut\u00f3noma de Tamaulipas (UAT), inaugur\u00f3 las actividades conmemorativas del D\u00eda Internacional de la Mujer y la Ni\u00f1a en la Ciencia, que organiz\u00f3 la Secretar\u00eda de Investigaci\u00f3n y Posgrado de la m\u00e1xima casa de estudios en el estado.<\/p>\n\n\n\n<p>A trav\u00e9s de un mensaje virtual, el Rector puso en marcha el programa que se desarrolla del 9 al 11 de febreromediante la divulgaci\u00f3n de proyectos de investigaci\u00f3n y foros educativos, en donde destac\u00f3 la importancia de contar en la UAT con investigadoras reconocidas a nivel nacional e internacional.<\/p>\n\n\n\n<p>\u201cQuiero que sepan que todo ese esfuerzo y esa dedicaci\u00f3n que realizan d\u00eda con d\u00eda para contribuir con el conocimiento del estado debe de ser reconocido. Gracias a ustedes esta Universidad cada vez es m\u00e1s grande y m\u00e1s fuerte\u201d, expres\u00f3.<\/p>\n\n\n\n<p>Destac\u00f3 tambi\u00e9n que la Universidad tiene una activa participaci\u00f3n en los Objetivos del Desarrollo Sostenible (ODS) de la Agenda 2030, y de manera muy precisa en los objetivos de inclusi\u00f3n y equidad, se\u00f1alando el compromiso de buscar todas las facilidades para que las universitarias sigan desarroll\u00e1ndose como investigadoras en todas las disciplinas.<\/p>\n\n\n\n<p>Posteriormente, se realiz\u00f3 el panel \u201cEl papel de la mujer en la ciencias sociales\u201d, organizado en coordinaci\u00f3n con la Facultad de Comercio y Administraci\u00f3n Victoria, evento que se transmiti\u00f3 por Facebook Live.<\/p>\n\n\n\n<p>En \u00e9l participaron la Dra. Mariana Zer\u00f3n F\u00e9lix, Secretaria de Investigaci\u00f3n y Posgrado de la UAT; la Dra. Claudia Milena \u00c1lvarez Giraldo, Coordinadora de Investigaciones de la Facultad de Ciencias Contables, Econ\u00f3micas y Administrativas de la Universidad de Manizales, Colombia; y la Dra. Martha del Pilar Rodr\u00edguez Garc\u00eda, de la Facultad de Contadur\u00eda P\u00fablica y Administraci\u00f3n de la Universidad Aut\u00f3noma de Nuevo Le\u00f3n.<\/p>\n\n\n\n<p>Las exponentes compartieron puntos de vista respecto a la participaci\u00f3n de las mujeres en la ciencia y a la serie de situaciones culturales que a lo largo de la historia hancomplicado el crecimiento del sector femenil en las ciencias exactas.<\/p>\n\n\n\n<p>Coincidieron en se\u00f1alar que el papel de las mujeres en la ciencia sigue creciendo en diferentes \u00e1reas del conocimiento, pero a\u00fan hacen falta redes femeniles cient\u00edficas m\u00e1s fuertes, para que su crecimiento pueda cristalizarse a corto plazo.<\/p>\n\n\n\n<p>En 2016, la Asamblea General de la Organizaci\u00f3n de las Naciones Unidas (ONU) declar\u00f3 el 11 de febrero como el D\u00eda Internacional de la Mujer y la Ni\u00f1a en la Ciencia, para reconocer el papel de ellas en ese terreno, no solo como beneficiarias, sino tambi\u00e9n como agentes de cambio.<\/p>\n\n\n\n<p>En este marco conmemorativo se program\u00f3 la divulgaci\u00f3n de la serie de videos \u201cMujeres en la ciencia UAT\u201d y, para concluir los trabajos, el 11 de febrero, a las 11:30 horas, se llevar\u00e1 a cabo, en el Instituto de Ecolog\u00eda Aplicada de la Universidad en esta capital, la actividaddenominada \u201cNi\u00f1as y mujeres en la ciencia UAT\u201d.<\/p>\n","protected":false},"excerpt":{"rendered":"\u2022 El Rector Guillermo Mendoza inaugura actividades que se desarrollan del 9 al 11 de febrero. El C. P. Guillermo Mendoza Cavazos, Rector de la Universidad Aut\u00f3noma de Tamaulipas (UAT), inaugur\u00f3 las actividades conmemorativas del D\u00eda Internacional de la Mujer y la Ni\u00f1a en la Ciencia, que organiz\u00f3 la Secretar\u00eda de Investigaci\u00f3n y Posgrado de","protected":false},"author":1,"featured_media":522,"comment_status":"open","ping_status":"open","sticky":false,"template":"","format":"standard","meta":{"_monsterinsights_skip_tracking":false,"_monsterinsights_sitenote_active":false,"_monsterinsights_sitenote_note":"","_monsterinsights_sitenote_category":0,"footnotes":""},"categories":[3],"tags":[],"class_list":["post-521","post","type-post","status-publish","format-standard","has-post-thumbnail","hentry","category-noticias"],"aioseo_notices":[],"amp_enabled":true,"_links":{"self":[{"href":"https:\/\/tamaulipasmiregion.com\/index.php?rest_route=\/wp\/v2\/posts\/521","targetHints":{"allow":["GET"]}}],"collection":[{"href":"https:\/\/tamaulipasmiregion.com\/index.php?rest_route=\/wp\/v2\/posts"}],"about":[{"href":"https:\/\/tamaulipasmiregion.com\/index.php?rest_route=\/wp\/v2\/types\/post"}],"author":[{"embeddable":true,"href":"https:\/\/tamaulipasmiregion.com\/index.php?rest_route=\/wp\/v2\/users\/1"}],"replies":[{"embeddable":true,"href":"https:\/\/tamaulipasmiregion.com\/index.php?rest_route=%2Fwp%2Fv2%2Fcomments&post=521"}],"version-history":[{"count":1,"href":"https:\/\/tamaulipasmiregion.com\/index.php?rest_route=\/wp\/v2\/posts\/521\/revisions"}],"predecessor-version":[{"id":523,"href":"https:\/\/tamaulipasmiregion.com\/index.php?rest_route=\/wp\/v2\/posts\/521\/revisions\/523"}],"wp:featuredmedia":[{"embeddable":true,"href":"https:\/\/tamaulipasmiregion.com\/index.php?rest_route=\/wp\/v2\/media\/522"}],"wp:attachment":[{"href":"https:\/\/tamaulipasmiregion.com\/index.php?rest_route=%2Fwp%2Fv2%2Fmedia&parent=521"}],"wp:term":[{"taxonomy":"category","embeddable":true,"href":"https:\/\/tamaulipasmiregion.com\/index.php?rest_route=%2Fwp%2Fv2%2Fcategories&post=521"},{"taxonomy":"post_tag","embeddable":true,"href":"https:\/\/tamaulipasmiregion.com\/index.php?rest_route=%2Fwp%2Fv2%2Ftags&post=521"}],"curies":[{"name":"wp","href":"https:\/\/api.w.org\/{rel}","templated":true}]}}