{"id":533,"date":"2022-03-09T15:58:00","date_gmt":"2022-03-09T15:58:00","guid":{"rendered":"https:\/\/tamaulipasmiregion.com\/?p=533"},"modified":"2022-08-22T15:58:46","modified_gmt":"2022-08-22T15:58:46","slug":"reactiva-la-uat-el-circulo-de-desarrollo-infantil-del-cu-victoria","status":"publish","type":"post","link":"https:\/\/tamaulipasmiregion.com\/?p=533","title":{"rendered":"Reactiva la UAT el C\u00edrculo de Desarrollo Infantil del CU Victoria"},"content":{"rendered":"\n<p><\/p>\n\n\n\n<p>\u00b7 Tras dos a\u00f1os de pausa por la emergencia sanitaria, la estancia abre nuevamente la prestaci\u00f3n de sus servicios para los hijos de estudiantes universitarios.<\/p>\n\n\n\n<p>El C\u00edrculo de Desarrollo Infantil de la Universidad Aut\u00f3noma de Tamaulipas (UAT) inici\u00f3 este 9 de marzo la reincorporaci\u00f3n presencial de los servicios de atenci\u00f3n a hijos de estudiantes de la Universidad durante este ciclo escolar 2022-1.<\/p>\n\n\n\n<p>La estancia infantil ubicada en el Centro Universitario de Victoria reabri\u00f3 sus puertas luego de dos a\u00f1os de estar suspendidos sus servicios debido a la emergencia sanitaria de COVID 19, por lo que a partir de esta fecha se reanudan las actividades presenciales con la finalidad de proveer a las madres y padres estudiantes universitarios un apoyo en el cuidado de sus hijos.<\/p>\n\n\n\n<p>En este contexto, la Mtra. Claudia Ver\u00f3nica Cedillo de los Santos, titular de la estancia infantil, recibi\u00f3 la visita de la C. P. Imelda Sustaita de Mendoza, miembro honorario del equipo UAT U-NIDO, para realizar un amplio recorrido por las instalaciones.<\/p>\n\n\n\n<p>Durante la visita se destac\u00f3 que de manera previa a este retorno a clases se redoblaron esfuerzos para la obtenci\u00f3n de documentos que reconocen a estos espacios e instalaciones como confiables y libres de COVID-19 por dos instituciones p\u00fablicas: el IMSS y la Secretar\u00eda de Salud Tamaulipas a trav\u00e9s de la COEPRIS.<\/p>\n\n\n\n<p>Esto con el fin de que mam\u00e1s y pap\u00e1s estudiantes de la UAT tengan plena confianza al dejar a sus peque\u00f1os en manos de profesionales.<\/p>\n\n\n\n<p>La Mtra. Claudia Ver\u00f3nica Cedillo manifest\u00f3 que, gracias al esfuerzo del Rector Guillermo Mendoza Cavazos y a la gesti\u00f3n de UAT U-NIDO, se ampl\u00eda la cobertura de los servicios que se ofrecen a los hijos de estudiantes de la Universidad.<\/p>\n\n\n\n<p>Detall\u00f3 tambi\u00e9n que los servicios de la estancia infantil estar\u00e1n disponibles a partir de este per\u00edodo para hijos de quienes cursan alg\u00fan programa de posgrado de esta casa de estudios.<\/p>\n\n\n\n<p>Por otro lado, precis\u00f3 que, entre las mejoras que se buscan para esta dependencia universitaria, se tiene el proyecto de ampliar la cobertura de servicios gracias a la pronta<\/p>\n\n\n\n<p>incorporaci\u00f3n de este centro a la Secretar\u00eda de Educaci\u00f3n P\u00fablica, y con ello incluir pr\u00f3ximamente los niveles de preescolar 2 y 3, que les permitir\u00e1 a los peque\u00f1ines egresar con la preparaci\u00f3n adecuada para incorporase a la escuela primaria.<\/p>\n\n\n\n<p>Agreg\u00f3 que este centro cuenta con una planeaci\u00f3n estrat\u00e9gica para el desarrollo positivo seg\u00fan las necesidades que cada uno presenta, ofreciendo servicio acorde al horario del estudiante para ni\u00f1os desde los seis meses a los tres a\u00f1os con once meses.<\/p>\n\n\n\n<p>Cabe resaltar que la estancia infantil universitaria cuenta con servicio de alimentaci\u00f3n a tres tiempos mediante un men\u00fa amplio, variado, sano y suficiente para la correcta alimentaci\u00f3n de los ni\u00f1os.<\/p>\n\n\n\n<p>Adem\u00e1s, se les brindan clases pedag\u00f3gicas con situaciones did\u00e1cticas y clases extracurriculares como son educaci\u00f3n f\u00edsica, computaci\u00f3n, m\u00fasica y artes.<\/p>\n\n\n\n<p>Actualmente el proceso de inscripci\u00f3n est\u00e1 abierto, pues no est\u00e1 ligado a un per\u00edodo espec\u00edfico. Para mayores informes est\u00e1 disponible la p\u00e1gina oficial de Facebook del C\u00edrculo de Desarrollo Infantil Victoria y el tel\u00e9fono 834 318 1800, extensiones 2000, 2001 y 2002.<\/p>\n","protected":false},"excerpt":{"rendered":"\u00b7 Tras dos a\u00f1os de pausa por la emergencia sanitaria, la estancia abre nuevamente la prestaci\u00f3n de sus servicios para los hijos de estudiantes universitarios. El C\u00edrculo de Desarrollo Infantil de la Universidad Aut\u00f3noma de Tamaulipas (UAT) inici\u00f3 este 9 de marzo la reincorporaci\u00f3n presencial de los servicios de atenci\u00f3n a hijos de estudiantes de","protected":false},"author":1,"featured_media":534,"comment_status":"open","ping_status":"open","sticky":false,"template":"","format":"standard","meta":{"_monsterinsights_skip_tracking":false,"_monsterinsights_sitenote_active":false,"_monsterinsights_sitenote_note":"","_monsterinsights_sitenote_category":0,"footnotes":""},"categories":[3],"tags":[],"class_list":["post-533","post","type-post","status-publish","format-standard","has-post-thumbnail","hentry","category-noticias"],"aioseo_notices":[],"amp_enabled":true,"_links":{"self":[{"href":"https:\/\/tamaulipasmiregion.com\/index.php?rest_route=\/wp\/v2\/posts\/533","targetHints":{"allow":["GET"]}}],"collection":[{"href":"https:\/\/tamaulipasmiregion.com\/index.php?rest_route=\/wp\/v2\/posts"}],"about":[{"href":"https:\/\/tamaulipasmiregion.com\/index.php?rest_route=\/wp\/v2\/types\/post"}],"author":[{"embeddable":true,"href":"https:\/\/tamaulipasmiregion.com\/index.php?rest_route=\/wp\/v2\/users\/1"}],"replies":[{"embeddable":true,"href":"https:\/\/tamaulipasmiregion.com\/index.php?rest_route=%2Fwp%2Fv2%2Fcomments&post=533"}],"version-history":[{"count":1,"href":"https:\/\/tamaulipasmiregion.com\/index.php?rest_route=\/wp\/v2\/posts\/533\/revisions"}],"predecessor-version":[{"id":535,"href":"https:\/\/tamaulipasmiregion.com\/index.php?rest_route=\/wp\/v2\/posts\/533\/revisions\/535"}],"wp:featuredmedia":[{"embeddable":true,"href":"https:\/\/tamaulipasmiregion.com\/index.php?rest_route=\/wp\/v2\/media\/534"}],"wp:attachment":[{"href":"https:\/\/tamaulipasmiregion.com\/index.php?rest_route=%2Fwp%2Fv2%2Fmedia&parent=533"}],"wp:term":[{"taxonomy":"category","embeddable":true,"href":"https:\/\/tamaulipasmiregion.com\/index.php?rest_route=%2Fwp%2Fv2%2Fcategories&post=533"},{"taxonomy":"post_tag","embeddable":true,"href":"https:\/\/tamaulipasmiregion.com\/index.php?rest_route=%2Fwp%2Fv2%2Ftags&post=533"}],"curies":[{"name":"wp","href":"https:\/\/api.w.org\/{rel}","templated":true}]}}