{"id":539,"date":"2022-03-22T16:00:00","date_gmt":"2022-03-22T16:00:00","guid":{"rendered":"https:\/\/tamaulipasmiregion.com\/?p=539"},"modified":"2022-08-22T16:01:02","modified_gmt":"2022-08-22T16:01:02","slug":"signan-convenio-de-colaboracion-por-la-salud-de-los-tamaulipecos","status":"publish","type":"post","link":"https:\/\/tamaulipasmiregion.com\/?p=539","title":{"rendered":"Signan convenio de colaboraci\u00f3n por la salud de los tamaulipecos"},"content":{"rendered":"\n<p><\/p>\n\n\n\n<p>MARZO 22 de 2022<\/p>\n\n\n\n<p>CIUDAD VICTORIA, TAMAULIPAS.- Tamaulipas reafirm\u00f3 hoy su liderazgo en la formaci\u00f3n y especializaci\u00f3n de recursos humanos en el \u00e1mbito de la Salud al signar el Convenio Marco de Colaboraci\u00f3n Acad\u00e9mica, Cient\u00edfica y Tecnol\u00f3gica entre la Universidad Aut\u00f3noma de Tamaulipas (UAT) y la Comisi\u00f3n de Salud Fronteriza M\u00e9xico &#8211; Estados Unidos, Secci\u00f3n M\u00e9xico.<\/p>\n\n\n\n<p>\u201cLas y <a><\/a>los tamaulipecos merecen acciones que unan voluntades por su bienestar, que en un equipo conjunto impulsen compromisos que permitan mejorar sus condiciones de vida\u201d subray\u00f3 la secretaria de Salud, Gloria Molina Gamboa.<\/p>\n\n\n\n<p>En su calidad de titular de la SST y miembro de la Comisi\u00f3n de Salud Fronteriza M\u00e9xico &#8211; Estados Unidos, Molina Gamboa precis\u00f3 que el acuerdo establece las bases de colaboraci\u00f3n y mecanismos generales para desarrollar programas comunes de colaboraci\u00f3n acad\u00e9mica, cient\u00edfica, tecnol\u00f3gica y de movilidad estudiantil, docente e investigadores en los campos y disciplinas de inter\u00e9s com\u00fan.<\/p>\n\n\n\n<p>Signado por el rector de la m\u00e1xima casa de estudios de Tamaulipas, Guillermo Mendoza Cavazos y la secretaria Ejecutiva de la Comisi\u00f3n de Salud Fronteriza M\u00e9xico &#8211; Estados Unidos, Mar\u00eda Gudelia Rangel G\u00f3mez, el instrumento de colaboraci\u00f3n permitir\u00e1 conseguir el m\u00e1ximo desarrollo en la formaci\u00f3n y especializaci\u00f3n de recursos humanos y realizar investigaciones conjuntas.<\/p>\n\n\n\n<p>\u201cSegura estoy que al signar este documento damos un paso firme para mejorar las condiciones de vida de la poblaci\u00f3n, formando profesionales de la salud especializados y humanistas, que otorguen atenci\u00f3n de calidad en cada una de las instituciones en las que laboren\u201d, a\u00f1adi\u00f3.<\/p>\n\n\n\n<p>Por su parte, el rector de la UAT, Guillermo Mendoza Cavazos, reconoci\u00f3 los alcances del acuerdo al destacar que \u201ccomo Universidad tenemos la obligaci\u00f3n de buscar soluciones, no quedarnos en las aulas e incidir en el tema de la salud p\u00fablica\u201d.<\/p>\n\n\n\n<p>Y es que a trav\u00e9s del convenio se podr\u00e1n llevar a cabo acciones conjuntas de colaboraci\u00f3n tomando en cuenta las siguientes modalidades: Formaci\u00f3n y especializaci\u00f3n de recursos humanos, Investigaciones conjuntas, Desarrollo tecnol\u00f3gico y acad\u00e9mico, Intercambio de informaci\u00f3n, Asesor\u00eda t\u00e9cnica o acad\u00e9mica y Publicaciones.<\/p>\n","protected":false},"excerpt":{"rendered":"MARZO 22 de 2022 CIUDAD VICTORIA, TAMAULIPAS.- Tamaulipas reafirm\u00f3 hoy su liderazgo en la formaci\u00f3n y especializaci\u00f3n de recursos humanos en el \u00e1mbito de la Salud al signar el Convenio Marco de Colaboraci\u00f3n Acad\u00e9mica, Cient\u00edfica y Tecnol\u00f3gica entre la Universidad Aut\u00f3noma de Tamaulipas (UAT) y la Comisi\u00f3n de Salud Fronteriza M\u00e9xico &#8211; Estados Unidos, Secci\u00f3n","protected":false},"author":1,"featured_media":540,"comment_status":"open","ping_status":"open","sticky":false,"template":"","format":"standard","meta":{"_monsterinsights_skip_tracking":false,"_monsterinsights_sitenote_active":false,"_monsterinsights_sitenote_note":"","_monsterinsights_sitenote_category":0,"footnotes":""},"categories":[3],"tags":[],"class_list":["post-539","post","type-post","status-publish","format-standard","has-post-thumbnail","hentry","category-noticias"],"aioseo_notices":[],"amp_enabled":true,"_links":{"self":[{"href":"https:\/\/tamaulipasmiregion.com\/index.php?rest_route=\/wp\/v2\/posts\/539","targetHints":{"allow":["GET"]}}],"collection":[{"href":"https:\/\/tamaulipasmiregion.com\/index.php?rest_route=\/wp\/v2\/posts"}],"about":[{"href":"https:\/\/tamaulipasmiregion.com\/index.php?rest_route=\/wp\/v2\/types\/post"}],"author":[{"embeddable":true,"href":"https:\/\/tamaulipasmiregion.com\/index.php?rest_route=\/wp\/v2\/users\/1"}],"replies":[{"embeddable":true,"href":"https:\/\/tamaulipasmiregion.com\/index.php?rest_route=%2Fwp%2Fv2%2Fcomments&post=539"}],"version-history":[{"count":1,"href":"https:\/\/tamaulipasmiregion.com\/index.php?rest_route=\/wp\/v2\/posts\/539\/revisions"}],"predecessor-version":[{"id":541,"href":"https:\/\/tamaulipasmiregion.com\/index.php?rest_route=\/wp\/v2\/posts\/539\/revisions\/541"}],"wp:featuredmedia":[{"embeddable":true,"href":"https:\/\/tamaulipasmiregion.com\/index.php?rest_route=\/wp\/v2\/media\/540"}],"wp:attachment":[{"href":"https:\/\/tamaulipasmiregion.com\/index.php?rest_route=%2Fwp%2Fv2%2Fmedia&parent=539"}],"wp:term":[{"taxonomy":"category","embeddable":true,"href":"https:\/\/tamaulipasmiregion.com\/index.php?rest_route=%2Fwp%2Fv2%2Fcategories&post=539"},{"taxonomy":"post_tag","embeddable":true,"href":"https:\/\/tamaulipasmiregion.com\/index.php?rest_route=%2Fwp%2Fv2%2Ftags&post=539"}],"curies":[{"name":"wp","href":"https:\/\/api.w.org\/{rel}","templated":true}]}}