{"id":5438,"date":"2026-08-22T22:32:59","date_gmt":"2026-08-22T22:32:59","guid":{"rendered":"https:\/\/tamaulipasmiregion.com\/?p=5438"},"modified":"2026-08-30T22:34:26","modified_gmt":"2026-08-30T22:34:26","slug":"arranca-en-la-uat-el-programa-yo-soy-correcaminos-para-estudiantesde-nuevo-ingreso","status":"publish","type":"post","link":"https:\/\/tamaulipasmiregion.com\/?p=5438","title":{"rendered":"Arranca en la UAT el programa \u201cYo Soy Correcaminos\u201d para estudiantesde nuevo ingreso"},"content":{"rendered":"\n<p class=\"wp-block-paragraph\"><br>La Universidad Aut\u00f3noma de Tamaulipas (UAT) present\u00f3, en la Facultad de Comercio y<br>Administraci\u00f3n Victoria (FCAV), el programa \u00abYo Soy Correcaminos\u00bb, una iniciativa de<br>bienvenida e integraci\u00f3n dirigida a los estudiantes de nuevo ingreso, cuyo prop\u00f3sito es dar a<br>conocer la oferta deportiva y cultural disponible en los campus.<br>El programa responde a los lineamientos marcados por el rector D\u00e1maso Anaya Alvarado,<br>qui\u00e9n ha enfatizado la importancia de ofrecer a los estudiantes espacios deportivos, art\u00edsticos<br>y culturales, para fortalecer su bienestar, desarrollar sus talentos y vivir plenamente la<br>experiencia universitaria.<br>En ese contexto, \u201cYo soy Correcaminos\u201d, inici\u00f3 en el Campus Victoria y se lleva a cabo en<br>los Campus Norte y Sur de la UAT. La iniciativa es organizada por la Secretar\u00eda de<br>Vinculaci\u00f3n y cuenta con la participaci\u00f3n de la Direcci\u00f3n de Deportes, el Gimnasio<br>Multidisciplinario Victoria y la Direcci\u00f3n de Cultura y Arte de la UAT.<br>Durante el evento en la FCAV, correspondi\u00f3 dar la bienvenida a la directora, M\u00f3nica Lorena<br>S\u00e1nchez Lim\u00f3n, quien destac\u00f3 la relevancia de las actividades extracurriculares para la<br>formaci\u00f3n integral de los j\u00f3venes.<br>Los estudiantes de nuevo ingreso de la FCAV pudieron convivir con deportistas que han<br>destacado en competencias nacionales, tales como: Rom\u00e1n Hern\u00e1ndez Gait\u00e1n, de la<br>disciplina de front\u00f3n; \u00c1ngel Gabriel Blanco Lara, de lucha universitaria; y Eduardo Ram\u00f3n<br>S\u00e1nchez Hern\u00e1ndez, de esgrima.<br>Como parte del programa, se presentaron exhibiciones de f\u00fatbol, voleibol, basquetbol,<br>softbol; tenis y tenis de mesa; as\u00ed como de halterofilia, ajedrez, esgrima, karate, box,<br>taekwondo y judo. Adem\u00e1s, se cont\u00f3 con la participaci\u00f3n de los grupos art\u00edsticos y de danza<br>folcl\u00f3rica.<br>Tambi\u00e9n, se instalaron estands de las diferentes \u00e1reas para brindar m\u00e1s informaci\u00f3n a los<br>j\u00f3venes interesados en participar en alguna disciplina.<\/p>\n","protected":false},"excerpt":{"rendered":"La Universidad Aut\u00f3noma de Tamaulipas (UAT) present\u00f3, en la Facultad de Comercio yAdministraci\u00f3n Victoria (FCAV), el programa \u00abYo Soy Correcaminos\u00bb, una iniciativa debienvenida e integraci\u00f3n dirigida a los estudiantes de nuevo ingreso, cuyo prop\u00f3sito es dar aconocer la oferta deportiva y cultural disponible en los campus.El programa responde a los lineamientos marcados por el rector","protected":false},"author":1,"featured_media":5439,"comment_status":"open","ping_status":"open","sticky":false,"template":"","format":"standard","meta":{"_monsterinsights_skip_tracking":false,"_monsterinsights_sitenote_active":false,"_monsterinsights_sitenote_note":"","_monsterinsights_sitenote_category":0,"footnotes":""},"categories":[3],"tags":[],"class_list":["post-5438","post","type-post","status-publish","format-standard","has-post-thumbnail","hentry","category-noticias"],"aioseo_notices":[],"amp_enabled":true,"_links":{"self":[{"href":"https:\/\/tamaulipasmiregion.com\/index.php?rest_route=\/wp\/v2\/posts\/5438","targetHints":{"allow":["GET"]}}],"collection":[{"href":"https:\/\/tamaulipasmiregion.com\/index.php?rest_route=\/wp\/v2\/posts"}],"about":[{"href":"https:\/\/tamaulipasmiregion.com\/index.php?rest_route=\/wp\/v2\/types\/post"}],"author":[{"embeddable":true,"href":"https:\/\/tamaulipasmiregion.com\/index.php?rest_route=\/wp\/v2\/users\/1"}],"replies":[{"embeddable":true,"href":"https:\/\/tamaulipasmiregion.com\/index.php?rest_route=%2Fwp%2Fv2%2Fcomments&post=5438"}],"version-history":[{"count":1,"href":"https:\/\/tamaulipasmiregion.com\/index.php?rest_route=\/wp\/v2\/posts\/5438\/revisions"}],"predecessor-version":[{"id":5440,"href":"https:\/\/tamaulipasmiregion.com\/index.php?rest_route=\/wp\/v2\/posts\/5438\/revisions\/5440"}],"wp:featuredmedia":[{"embeddable":true,"href":"https:\/\/tamaulipasmiregion.com\/index.php?rest_route=\/wp\/v2\/media\/5439"}],"wp:attachment":[{"href":"https:\/\/tamaulipasmiregion.com\/index.php?rest_route=%2Fwp%2Fv2%2Fmedia&parent=5438"}],"wp:term":[{"taxonomy":"category","embeddable":true,"href":"https:\/\/tamaulipasmiregion.com\/index.php?rest_route=%2Fwp%2Fv2%2Fcategories&post=5438"},{"taxonomy":"post_tag","embeddable":true,"href":"https:\/\/tamaulipasmiregion.com\/index.php?rest_route=%2Fwp%2Fv2%2Ftags&post=5438"}],"curies":[{"name":"wp","href":"https:\/\/api.w.org\/{rel}","templated":true}]}}