{"id":5444,"date":"2026-08-24T22:40:29","date_gmt":"2026-08-24T22:40:29","guid":{"rendered":"https:\/\/tamaulipasmiregion.com\/?p=5444"},"modified":"2026-08-30T22:41:20","modified_gmt":"2026-08-30T22:41:20","slug":"gobernador-reconoce-a-la-uat-por-su-aportacion-a-la-investigacion-en-el-campo-energetico","status":"publish","type":"post","link":"https:\/\/tamaulipasmiregion.com\/?p=5444","title":{"rendered":"Gobernador reconoce a la UAT por su aportaci\u00f3n a la investigaci\u00f3n en el campo energ\u00e9tico"},"content":{"rendered":"\n<p class=\"wp-block-paragraph\"><br>El gobernador Am\u00e9rico Villarreal Anaya hizo entrega de un reconocimiento a los equipos de investigaci\u00f3n de la Universidad Aut\u00f3noma de Tamaulipas (UAT) por su contribuci\u00f3n al desarrollo estrat\u00e9gico de la entidad y sus aportaciones cient\u00edficas en \u00e1reas como la eficiencia energ\u00e9tica y el monitoreo de emisiones.<br>En nombre de la UAT, el rector D\u00e1maso Anaya Alvarado recibi\u00f3 esta importante distinci\u00f3n, reafirmando el compromiso de la instituci\u00f3n y de sus investigadores por seguir generando conocimiento en beneficio de la sociedad.<br>Acompa\u00f1ado de la Dra. B\u00e1rbara Azucena Mac\u00edas Hern\u00e1ndez y el Dr. Edgardo Jonathan Su\u00e1rez Dom\u00ednguez, representantes de los equipos de investigaci\u00f3n y centros especializados de la UAT, respectivamente, el rector agradeci\u00f3 al gobernador por el apoyo y su confianza en la Universidad para seguir fortaleciendo los proyectos que impulsa a trav\u00e9s de la Secretar\u00eda de Desarrollo Energ\u00e9tico.<br>La entrega de este reconocimiento se llev\u00f3 a cabo en el marco de la ceremonia de honores a la bandera, donde se destac\u00f3 a las unidades acad\u00e9micas multidisciplinarias Reynosa-Rhode y Reynosa Aztl\u00e1n; a las facultades de Ingenier\u00eda y Ciencias de Victoria, de Ingenier\u00eda Tampico y de Arquitectura, Dise\u00f1o y Urbanismo por su investigaci\u00f3n y aportaciones en estudios de eficiencia energ\u00e9tica.<br>En ese sentido, se puso de relieve la colaboraci\u00f3n universitaria en materia de innovaci\u00f3n tecnol\u00f3gica, electr\u00f3nica, rob\u00f3tica, automatizaci\u00f3n, biocombustibles, biotecnolog\u00eda aplicada, aprovechamiento de la energ\u00eda, despacho econ\u00f3mico y gesti\u00f3n, distribuci\u00f3n de energ\u00eda, monitoreo de emisiones y eficiencia ambiental.<br>Durante la ceremonia c\u00edvica celebrada este lunes en el Polyforum de Victoria, el gobernador destac\u00f3 el potencial energ\u00e9tico de Tamaulipas, los avances y las oportunidades que genera este sector, adem\u00e1s de reconocer a estudiantes y docentes de instituciones de diferentes niveles de educaci\u00f3n de todo el estado por contribuir con su talento cient\u00edfico al desarrollo y bienestar de la sociedad.<\/p>\n","protected":false},"excerpt":{"rendered":"El gobernador Am\u00e9rico Villarreal Anaya hizo entrega de un reconocimiento a los equipos de investigaci\u00f3n de la Universidad Aut\u00f3noma de Tamaulipas (UAT) por su contribuci\u00f3n al desarrollo estrat\u00e9gico de la entidad y sus aportaciones cient\u00edficas en \u00e1reas como la eficiencia energ\u00e9tica y el monitoreo de emisiones.En nombre de la UAT, el rector D\u00e1maso Anaya Alvarado","protected":false},"author":1,"featured_media":5445,"comment_status":"open","ping_status":"open","sticky":false,"template":"","format":"standard","meta":{"_monsterinsights_skip_tracking":false,"_monsterinsights_sitenote_active":false,"_monsterinsights_sitenote_note":"","_monsterinsights_sitenote_category":0,"footnotes":""},"categories":[3],"tags":[],"class_list":["post-5444","post","type-post","status-publish","format-standard","has-post-thumbnail","hentry","category-noticias"],"aioseo_notices":[],"amp_enabled":true,"_links":{"self":[{"href":"https:\/\/tamaulipasmiregion.com\/index.php?rest_route=\/wp\/v2\/posts\/5444","targetHints":{"allow":["GET"]}}],"collection":[{"href":"https:\/\/tamaulipasmiregion.com\/index.php?rest_route=\/wp\/v2\/posts"}],"about":[{"href":"https:\/\/tamaulipasmiregion.com\/index.php?rest_route=\/wp\/v2\/types\/post"}],"author":[{"embeddable":true,"href":"https:\/\/tamaulipasmiregion.com\/index.php?rest_route=\/wp\/v2\/users\/1"}],"replies":[{"embeddable":true,"href":"https:\/\/tamaulipasmiregion.com\/index.php?rest_route=%2Fwp%2Fv2%2Fcomments&post=5444"}],"version-history":[{"count":1,"href":"https:\/\/tamaulipasmiregion.com\/index.php?rest_route=\/wp\/v2\/posts\/5444\/revisions"}],"predecessor-version":[{"id":5446,"href":"https:\/\/tamaulipasmiregion.com\/index.php?rest_route=\/wp\/v2\/posts\/5444\/revisions\/5446"}],"wp:featuredmedia":[{"embeddable":true,"href":"https:\/\/tamaulipasmiregion.com\/index.php?rest_route=\/wp\/v2\/media\/5445"}],"wp:attachment":[{"href":"https:\/\/tamaulipasmiregion.com\/index.php?rest_route=%2Fwp%2Fv2%2Fmedia&parent=5444"}],"wp:term":[{"taxonomy":"category","embeddable":true,"href":"https:\/\/tamaulipasmiregion.com\/index.php?rest_route=%2Fwp%2Fv2%2Fcategories&post=5444"},{"taxonomy":"post_tag","embeddable":true,"href":"https:\/\/tamaulipasmiregion.com\/index.php?rest_route=%2Fwp%2Fv2%2Ftags&post=5444"}],"curies":[{"name":"wp","href":"https:\/\/api.w.org\/{rel}","templated":true}]}}