{"id":5460,"date":"2026-08-28T22:56:08","date_gmt":"2026-08-28T22:56:08","guid":{"rendered":"https:\/\/tamaulipasmiregion.com\/?p=5460"},"modified":"2026-08-30T22:56:57","modified_gmt":"2026-08-30T22:56:57","slug":"reconoce-uat-trayectoria-judicial-de-su-distinguida-egresada-xochitl-almendra-hernandez-torres","status":"publish","type":"post","link":"https:\/\/tamaulipasmiregion.com\/?p=5460","title":{"rendered":"Reconoce UAT trayectoria judicial de su distinguida egresada X\u00f3chitl Almendra Hern\u00e1ndez Torres"},"content":{"rendered":"\n<p class=\"wp-block-paragraph\"><br>\u2022 El rector D\u00e1maso Anaya presidi\u00f3 el emotivo acto en donde se destac\u00f3 la contribuci\u00f3n de la homenajeada al prestigio de la instituci\u00f3n y su compromiso con la formaci\u00f3n de nuevas generaciones de juristas.<\/p>\n\n\n\n<p class=\"wp-block-paragraph\">El rector de la Universidad Aut\u00f3noma de Tamaulipas (UAT), D\u00e1maso Anaya Alvarado, hizo entrega de un reconocimiento a la Dra. X\u00f3chitl Almendra Hern\u00e1ndez Torres, integrante del Pleno del \u00d3rgano de Administraci\u00f3n Judicial (OAJ) del Poder Judicial de la Federaci\u00f3n (PJF) y distinguida egresada de la Facultad de Derecho y Ciencias Sociales Victoria (FDCSV).<br>Dicha distinci\u00f3n reconoce su sobresaliente trayectoria profesional al servicio de la impartici\u00f3n y administraci\u00f3n de justicia en M\u00e9xico, as\u00ed como su valiosa contribuci\u00f3n al prestigio de la UAT y su permanente compromiso con la formaci\u00f3n de las nuevas generaciones de juristas.<br>En la emotiva ceremonia, celebrada en el Gimnasio Multidisciplinario del Campus Victoria, se cont\u00f3 con la presencia del ministro de la Suprema Corte de Justicia de la Naci\u00f3n, Irving Espinoza Betanzo; del representante del gobernador Am\u00e9rico Villarreal Anaya, el subsecretario de Enlace Legislativo, R\u00f3mulo P\u00e9rez S\u00e1nchez; y del director de la FDCSV, Edy Izaguirre Trevi\u00f1o.<br>En su mensaje, D\u00e1maso Anaya resalt\u00f3 la trayectoria de m\u00e1s de dos d\u00e9cadas en el servicio p\u00fablico de la Dra. Hern\u00e1ndez Torres, a quien reconoci\u00f3 no solo por poner en alto el nombre de Tamaulipas en la administraci\u00f3n de justicia nacional, sino por mantener un compromiso permanente con su alma mater.<br>El rector subray\u00f3 que el trabajo coordinado y el di\u00e1logo directo con los distintos \u00f3rdenes de gobierno son fundamentales para fortalecer las instituciones. En este sentido, record\u00f3 la firma del convenio concretado el pasado 8 de mayo, en Tampico, entre la UAT y el PJF, instrumento que ya entrega resultados tangibles al abrir puertas reales para el alumnado y egresados.<br>Al hacer uso de la palabra, la Dra. X\u00f3chitl Almendra Hern\u00e1ndez Torres manifest\u00f3 su profunda gratitud y emoci\u00f3n por regresar a la UAT, ya que representa un retorno a sus or\u00edgenes, recordando con aprecio sus a\u00f1os de estudiante y c\u00f3mo la educaci\u00f3n p\u00fablica se convirti\u00f3 en la herramienta fundamental para superar las adversidades y alcanzar sus metas.<br>En su emotivo testimonio, compartido ante la presencia de sus padres, esposo e hijos, destac\u00f3 los aspectos clave de su formaci\u00f3n profesional. Record\u00f3 su paso por las distintas instancias de impartici\u00f3n de justicia hasta su designaci\u00f3n en el PJF, haciendo un especial reconocimiento a sus maestros y a su red de apoyo familiar por acompa\u00f1ar ese recorrido.<br>Finalmente, exhort\u00f3 a las y los estudiantes a no rendirse ante las dificultades, y a comprender que el verdadero sentido del \u00e9xito y del conocimiento profesional cobra valor cuando se pone al servicio de la sociedad y de quienes m\u00e1s lo necesitan.<br>Por su parte, el ministro Irving Espinosa Betanzo felicit\u00f3 a la Dra. Hern\u00e1ndez Torres y a su familia, celebrando que sea su propia casa de estudios la encargada de rendir este merecido homenaje a su trayectoria laboral; y enfatiz\u00f3 la importancia de mantener un v\u00ednculo permanente con las instituciones p\u00fablicas de ense\u00f1anza, se\u00f1alando que sus aulas albergan una gran diversidad de realidades sociales.<br>El mensaje del gobernador Am\u00e9rico Villarreal estuvo a cargo de R\u00f3mulo P\u00e9rez S\u00e1nchez, quien subray\u00f3 el compromiso de la Universidad al formar mujeres y hombres capaces de transformar positivamente a la sociedad, asegurando que este homenaje no solo celebra el \u00e9xito individual, sino que reconoce el valor de la educaci\u00f3n p\u00fablica y la capacidad de la UAT para formar profesionistas que ponen en alto el nombre de la instituci\u00f3n y del estado.<br>En la ceremonia, el director de la FDCSV, Edy Izaguirre Trevi\u00f1o, expuso que esta distinci\u00f3n honra una vida profesional que encarna los valores de verdad, belleza y probidad, sirviendo como un referente vivo para las nuevas generaciones.<br>Como testimonio de este impacto transformador, se present\u00f3 a nueve j\u00f3venes egresados que hoy en d\u00eda se desempe\u00f1an profesionalmente en la Ciudad de M\u00e9xico gracias a este esquema de vinculaci\u00f3n institucional. El evento concluy\u00f3 con la entrega formal del diploma otorgado por el Consejo T\u00e9cnico de la FDCSV y la foto oficial del pres\u00eddium junto a la comunidad universitaria.<\/p>\n","protected":false},"excerpt":{"rendered":"\u2022 El rector D\u00e1maso Anaya presidi\u00f3 el emotivo acto en donde se destac\u00f3 la contribuci\u00f3n de la homenajeada al prestigio de la instituci\u00f3n y su compromiso con la formaci\u00f3n de nuevas generaciones de juristas. El rector de la Universidad Aut\u00f3noma de Tamaulipas (UAT), D\u00e1maso Anaya Alvarado, hizo entrega de un reconocimiento a la Dra. X\u00f3chitl","protected":false},"author":1,"featured_media":5461,"comment_status":"open","ping_status":"open","sticky":false,"template":"","format":"standard","meta":{"_monsterinsights_skip_tracking":false,"_monsterinsights_sitenote_active":false,"_monsterinsights_sitenote_note":"","_monsterinsights_sitenote_category":0,"footnotes":""},"categories":[3],"tags":[],"class_list":["post-5460","post","type-post","status-publish","format-standard","has-post-thumbnail","hentry","category-noticias"],"aioseo_notices":[],"amp_enabled":true,"_links":{"self":[{"href":"https:\/\/tamaulipasmiregion.com\/index.php?rest_route=\/wp\/v2\/posts\/5460","targetHints":{"allow":["GET"]}}],"collection":[{"href":"https:\/\/tamaulipasmiregion.com\/index.php?rest_route=\/wp\/v2\/posts"}],"about":[{"href":"https:\/\/tamaulipasmiregion.com\/index.php?rest_route=\/wp\/v2\/types\/post"}],"author":[{"embeddable":true,"href":"https:\/\/tamaulipasmiregion.com\/index.php?rest_route=\/wp\/v2\/users\/1"}],"replies":[{"embeddable":true,"href":"https:\/\/tamaulipasmiregion.com\/index.php?rest_route=%2Fwp%2Fv2%2Fcomments&post=5460"}],"version-history":[{"count":1,"href":"https:\/\/tamaulipasmiregion.com\/index.php?rest_route=\/wp\/v2\/posts\/5460\/revisions"}],"predecessor-version":[{"id":5462,"href":"https:\/\/tamaulipasmiregion.com\/index.php?rest_route=\/wp\/v2\/posts\/5460\/revisions\/5462"}],"wp:featuredmedia":[{"embeddable":true,"href":"https:\/\/tamaulipasmiregion.com\/index.php?rest_route=\/wp\/v2\/media\/5461"}],"wp:attachment":[{"href":"https:\/\/tamaulipasmiregion.com\/index.php?rest_route=%2Fwp%2Fv2%2Fmedia&parent=5460"}],"wp:term":[{"taxonomy":"category","embeddable":true,"href":"https:\/\/tamaulipasmiregion.com\/index.php?rest_route=%2Fwp%2Fv2%2Fcategories&post=5460"},{"taxonomy":"post_tag","embeddable":true,"href":"https:\/\/tamaulipasmiregion.com\/index.php?rest_route=%2Fwp%2Fv2%2Ftags&post=5460"}],"curies":[{"name":"wp","href":"https:\/\/api.w.org\/{rel}","templated":true}]}}