{"id":5463,"date":"2026-08-29T22:59:28","date_gmt":"2026-08-29T22:59:28","guid":{"rendered":"https:\/\/tamaulipasmiregion.com\/?p=5463"},"modified":"2026-08-30T23:00:20","modified_gmt":"2026-08-30T23:00:20","slug":"concluye-familia-uat-la-colecta-de-utiles-escolares-impulsandocorazones-2026","status":"publish","type":"post","link":"https:\/\/tamaulipasmiregion.com\/?p=5463","title":{"rendered":"Concluye Familia UAT la colecta de \u00fatiles escolares \u201cImpulsandoCorazones 2026\u201d"},"content":{"rendered":"\n<p class=\"wp-block-paragraph\"><\/p>\n\n\n\n<ul class=\"wp-block-list\">\n<li>La campa\u00f1a sum\u00f3 la colaboraci\u00f3n de la comunidad universitaria a lo largo de todo<br>el estado, reuniendo \u00fatiles escolares completamente nuevos para apoyar a los<br>sectores m\u00e1s vulnerables de Tamaulipas.<br>Con calidez, empat\u00eda y esp\u00edritu solidario, la Universidad Aut\u00f3noma de Tamaulipas, a<br>trav\u00e9s de Familia UAT, concluy\u00f3 con \u00e9xito la etapa de acopio de la Colecta de \u00datiles<br>Escolares \u201cImpulsando Corazones 2026\u201d, superando la meta proyectada para este ciclo<br>escolar gracias al generoso respaldo de estudiantes, docentes, personal administrativo<br>y sociedad en general.<br>Bajo la visi\u00f3n humanista de la gesti\u00f3n que encabeza el rector D\u00e1maso Anaya Alvarado,<br>y coordinada a trav\u00e9s de Familia UAT por su presidenta, Lic. Isolda Rend\u00f3n de Anaya,<br>esta iniciativa reafirma la s\u00f3lida vinculaci\u00f3n de la instituci\u00f3n con la sociedad<br>tamaulipeca, impulsando acciones con causa que ponen la educaci\u00f3n y el bienestar<br>social en el centro del desarrollo comunitario.<br>La campa\u00f1a, realizada del 14 al 21 de agosto, sum\u00f3 la participaci\u00f3n de la comunidad<br>universitaria en centros de acopio instalados en las escuelas, facultades, unidades<br>acad\u00e9micas y dependencias administrativas de la UAT a lo largo de todo el estado,<br>reuniendo cuadernos, colores, juegos de geometr\u00eda y mochilas completamente nuevas.<br>Como parte de este proceso, la Lic. Isolda Rend\u00f3n de Anaya encabez\u00f3 las jornadas de<br>entrega a Familia UAT para recibir formalmente los donativos reunidos, destacando el<br>elevado sentido de responsabilidad social de todas las \u00e1reas participantes.<br>Asimismo, se llevaron a cabo las jornadas de empaquetado en Victoria y Tampico, en<br>donde se destac\u00f3 la colaboraci\u00f3n de los grupos de la tercera edad de la UAT de ambas sedes, quienes sumaron su esfuerzo, dedicando su tiempo, cari\u00f1o y entusiasmo al<br>armado de cada uno de los kits escolares.<br>Con los paquetes debidamente preparados, la UAT se alista para entregar estos apoyos<br>en sectores vulnerables de Tamaulipas, asegurando que ni\u00f1as, ni\u00f1os y j\u00f3venes cuenten<br>con las herramientas necesarias para su desarrollo escolar.<\/li>\n<\/ul>\n","protected":false},"excerpt":{"rendered":"La campa\u00f1a sum\u00f3 la colaboraci\u00f3n de la comunidad universitaria a lo largo de todoel estado, reuniendo \u00fatiles escolares completamente nuevos para apoyar a lossectores m\u00e1s vulnerables de Tamaulipas.Con calidez, empat\u00eda y esp\u00edritu solidario, la Universidad Aut\u00f3noma de Tamaulipas, atrav\u00e9s de Familia UAT, concluy\u00f3 con \u00e9xito la etapa de acopio de la Colecta de \u00datilesEscolares \u201cImpulsando","protected":false},"author":1,"featured_media":5464,"comment_status":"open","ping_status":"open","sticky":false,"template":"","format":"standard","meta":{"_monsterinsights_skip_tracking":false,"_monsterinsights_sitenote_active":false,"_monsterinsights_sitenote_note":"","_monsterinsights_sitenote_category":0,"footnotes":""},"categories":[3],"tags":[],"class_list":["post-5463","post","type-post","status-publish","format-standard","has-post-thumbnail","hentry","category-noticias"],"aioseo_notices":[],"amp_enabled":true,"_links":{"self":[{"href":"https:\/\/tamaulipasmiregion.com\/index.php?rest_route=\/wp\/v2\/posts\/5463","targetHints":{"allow":["GET"]}}],"collection":[{"href":"https:\/\/tamaulipasmiregion.com\/index.php?rest_route=\/wp\/v2\/posts"}],"about":[{"href":"https:\/\/tamaulipasmiregion.com\/index.php?rest_route=\/wp\/v2\/types\/post"}],"author":[{"embeddable":true,"href":"https:\/\/tamaulipasmiregion.com\/index.php?rest_route=\/wp\/v2\/users\/1"}],"replies":[{"embeddable":true,"href":"https:\/\/tamaulipasmiregion.com\/index.php?rest_route=%2Fwp%2Fv2%2Fcomments&post=5463"}],"version-history":[{"count":1,"href":"https:\/\/tamaulipasmiregion.com\/index.php?rest_route=\/wp\/v2\/posts\/5463\/revisions"}],"predecessor-version":[{"id":5465,"href":"https:\/\/tamaulipasmiregion.com\/index.php?rest_route=\/wp\/v2\/posts\/5463\/revisions\/5465"}],"wp:featuredmedia":[{"embeddable":true,"href":"https:\/\/tamaulipasmiregion.com\/index.php?rest_route=\/wp\/v2\/media\/5464"}],"wp:attachment":[{"href":"https:\/\/tamaulipasmiregion.com\/index.php?rest_route=%2Fwp%2Fv2%2Fmedia&parent=5463"}],"wp:term":[{"taxonomy":"category","embeddable":true,"href":"https:\/\/tamaulipasmiregion.com\/index.php?rest_route=%2Fwp%2Fv2%2Fcategories&post=5463"},{"taxonomy":"post_tag","embeddable":true,"href":"https:\/\/tamaulipasmiregion.com\/index.php?rest_route=%2Fwp%2Fv2%2Ftags&post=5463"}],"curies":[{"name":"wp","href":"https:\/\/api.w.org\/{rel}","templated":true}]}}