{"id":5469,"date":"2026-08-31T23:14:08","date_gmt":"2026-08-31T23:14:08","guid":{"rendered":"https:\/\/tamaulipasmiregion.com\/?p=5469"},"modified":"2026-08-31T23:14:09","modified_gmt":"2026-08-31T23:14:09","slug":"la-uat-mantendra-ritmo-de-crecimiento-e-innovacion-en-todo-tamaulipas-damaso-anaya","status":"publish","type":"post","link":"https:\/\/tamaulipasmiregion.com\/?p=5469","title":{"rendered":"La UAT mantendr\u00e1 ritmo de crecimiento e innovaci\u00f3n en todo Tamaulipas: D\u00e1maso Anaya"},"content":{"rendered":"\n<p class=\"wp-block-paragraph\"><br>Con el firme compromiso de garantizar una educaci\u00f3n de excelencia y ampliar las oportunidades de desarrollo para la juventud tamaulipeca, el rector de la Universidad Aut\u00f3noma de Tamaulipas (UAT), D\u00e1maso Anaya Alvarado, consolida un plan de fortalecimiento a la infraestructura universitaria que responde al crecimiento acad\u00e9mico de la instituci\u00f3n.<br>En entrevista, durante la ceremonia de honores a la bandera de este lunes, encabezada por el gobernador Am\u00e9rico Villarreal Anaya, en el poblado La Pesca, de Soto la Marina, el rector enfatiz\u00f3 que la prioridad absoluta de su gesti\u00f3n es asegurar que el estudiantado cuente con instalaciones de vanguardia.<br>Detall\u00f3 que el objetivo es que las escuelas y facultades cuenten con espacios equipados con alta tecnolog\u00eda, laboratorios especializados, aulas funcionales y \u00e1reas dignas que respondan con eficiencia a la creciente demanda educativa en la entidad.<br>Como parte de este dinamismo institucional, la UAT realiza inversiones estrat\u00e9gicas en equipamiento, mantenimiento integral y edificaci\u00f3n de nuevos espacios en sedes clave, entre los que destacan los proyectos en desarrollo en el municipio de Nuevo Laredo y la apertura de nuevas instalaciones en el Campus Tampico.<br>Anaya Alvarado indic\u00f3 que una de las metas principales para el pr\u00f3ximo a\u00f1o es mantener este ritmo de crecimiento, asegurando entornos inclusivos, de mayor cobertura y con vanguardia cient\u00edfica que impulsen el pleno desarrollo de la comunidad universitaria.<br>Paralelamente al crecimiento en infraestructura, recalc\u00f3 que se impulsa una visi\u00f3n institucional orientada al desarrollo regional, y que, en ese sentido, se han acrecentado los lazos de cooperaci\u00f3n con los sectores productivos, as\u00ed como con organismos locales, estatales y nacionales.<br>A\u00f1adi\u00f3 que esta sinergia busca colocar el potencial cient\u00edfico y la capacidad t\u00e9cnica de la instituci\u00f3n al servicio de las necesidades de la regi\u00f3n.<br>Concluy\u00f3 que, bajo esta directriz, la UAT mantiene un trabajo cercano con diversos rubros estrat\u00e9gicos, impulsando proyectos acad\u00e9micos, investigaci\u00f3n aplicada y servicio social que consolidan su perfil humanista y proyectan su impacto hacia la competitividad global.<\/p>\n","protected":false},"excerpt":{"rendered":"Con el firme compromiso de garantizar una educaci\u00f3n de excelencia y ampliar las oportunidades de desarrollo para la juventud tamaulipeca, el rector de la Universidad Aut\u00f3noma de Tamaulipas (UAT), D\u00e1maso Anaya Alvarado, consolida un plan de fortalecimiento a la infraestructura universitaria que responde al crecimiento acad\u00e9mico de la instituci\u00f3n.En entrevista, durante la ceremonia de honores","protected":false},"author":2,"featured_media":5470,"comment_status":"open","ping_status":"open","sticky":false,"template":"","format":"standard","meta":{"_monsterinsights_skip_tracking":false,"_monsterinsights_sitenote_active":false,"_monsterinsights_sitenote_note":"","_monsterinsights_sitenote_category":0,"footnotes":""},"categories":[3],"tags":[],"class_list":["post-5469","post","type-post","status-publish","format-standard","has-post-thumbnail","hentry","category-noticias"],"aioseo_notices":[],"amp_enabled":true,"_links":{"self":[{"href":"https:\/\/tamaulipasmiregion.com\/index.php?rest_route=\/wp\/v2\/posts\/5469","targetHints":{"allow":["GET"]}}],"collection":[{"href":"https:\/\/tamaulipasmiregion.com\/index.php?rest_route=\/wp\/v2\/posts"}],"about":[{"href":"https:\/\/tamaulipasmiregion.com\/index.php?rest_route=\/wp\/v2\/types\/post"}],"author":[{"embeddable":true,"href":"https:\/\/tamaulipasmiregion.com\/index.php?rest_route=\/wp\/v2\/users\/2"}],"replies":[{"embeddable":true,"href":"https:\/\/tamaulipasmiregion.com\/index.php?rest_route=%2Fwp%2Fv2%2Fcomments&post=5469"}],"version-history":[{"count":1,"href":"https:\/\/tamaulipasmiregion.com\/index.php?rest_route=\/wp\/v2\/posts\/5469\/revisions"}],"predecessor-version":[{"id":5471,"href":"https:\/\/tamaulipasmiregion.com\/index.php?rest_route=\/wp\/v2\/posts\/5469\/revisions\/5471"}],"wp:featuredmedia":[{"embeddable":true,"href":"https:\/\/tamaulipasmiregion.com\/index.php?rest_route=\/wp\/v2\/media\/5470"}],"wp:attachment":[{"href":"https:\/\/tamaulipasmiregion.com\/index.php?rest_route=%2Fwp%2Fv2%2Fmedia&parent=5469"}],"wp:term":[{"taxonomy":"category","embeddable":true,"href":"https:\/\/tamaulipasmiregion.com\/index.php?rest_route=%2Fwp%2Fv2%2Fcategories&post=5469"},{"taxonomy":"post_tag","embeddable":true,"href":"https:\/\/tamaulipasmiregion.com\/index.php?rest_route=%2Fwp%2Fv2%2Ftags&post=5469"}],"curies":[{"name":"wp","href":"https:\/\/api.w.org\/{rel}","templated":true}]}}