{"id":552,"date":"2022-04-25T16:06:00","date_gmt":"2022-04-25T16:06:00","guid":{"rendered":"https:\/\/tamaulipasmiregion.com\/?p=552"},"modified":"2022-08-22T16:06:21","modified_gmt":"2022-08-22T16:06:21","slug":"realiza-uat-en-el-cu-victoria-jornada-de-vacunacion-contra-covid-19","status":"publish","type":"post","link":"https:\/\/tamaulipasmiregion.com\/?p=552","title":{"rendered":"Realiza UAT en el CU Victoria jornada de vacunaci\u00f3n contra Covid 19"},"content":{"rendered":"\n<p><\/p>\n\n\n\n<p>Como parte del compromiso que la Universidad Aut\u00f3noma de Tamaulipas (UAT) mantiene con la protecci\u00f3n de la salud de su comunidad, este 25 de abril dio inicio en el Centro Universitario Victoria la Jornada intensiva de vacunaci\u00f3n contra la Covid-19, dirigida a personal docente, administrativo y alumnos de esta instituci\u00f3n.<\/p>\n\n\n\n<p>Durante los d\u00edas del 25 al 27 de abril estar\u00e1n disponibles los m\u00f3dulos de vacunaci\u00f3n <a><\/a>para que la comunidad universitaria de la capital tamaulipeca asista a aplicarse la vacuna AstraZeneca, primera, segunda dosis y refuerzo, contra la COVID-19.<\/p>\n\n\n\n<p>Para atenci\u00f3n de toda la comunidad universitaria, se han instalado dos m\u00f3dulos establecidos en el estacionamiento del Gimnasio Multidisciplinario Victoria y frente a la direcci\u00f3n de la Unidad Acad\u00e9mica de Trabajo Social y Ciencias para el Desarrollo Humano, en un horario de 9:00 a 15:00 horas.<\/p>\n\n\n\n<p>Durante estos tres d\u00edas, personal del Instituto Mexicano del Seguro Social (IMSS), con el apoyo de la Secretar\u00eda de Administraci\u00f3n de la UAT y Direcci\u00f3n de Protecci\u00f3n Universitaria, llevar\u00e1n a cabo esta jornada intensiva de vacunaci\u00f3n.<\/p>\n\n\n\n<p>Aquellas personas interesadas en aplicarse alguna de estas dosis del biol\u00f3gico deber\u00e1n acudir con su expediente de vacunaci\u00f3n, el cual estar\u00e1 disponible para su descarga en la p\u00e1gina <a href=\"https:\/\/l.facebook.com\/l.php?u=https%3A%2F%2Fmivacuna.salud.gob.mx%2F%3Ffbclid%3DIwAR0sraOelMhZSklgGsGgcNG7wyXvAsqzMBiMASS2HEi_LnVUFjwp1renYGc&amp;h=AT3wrTdcIGwCcYPmWhHPVkDr34rk9x4T_XVYjHQXSjqhYTHDYR-Q0nbahFAv8SE3ta0bZS3mAVGhwnaNEG3IMoZKqvp09REfFFkvcl4RTGO8Kq8NzckS27Ij4J86JnoARnlN-Gs&amp;__tn__=-UK-R&amp;c[0]=AT0Igd66xRTIamyBmn6psmV8xnkWynyGMtxTZMNh4S5kdJe37yHta2CbJ2Udo1DU1ZSfVq907FwPhlrANQKtX9P1ux9Cl0d15cS_Erqr2oH_p0yb4qYDLDgyu_7kdItQYcVV3lXfXc1ODnHKpPAXVAbj6e00dxMEWJTPZi_ZHASVigQU85P6QoumP3cWdEDku-XMhZE97w\" rel=\"noreferrer noopener\" target=\"_blank\">https:\/\/mivacuna.salud.gob.mx.<\/a><\/p>\n\n\n\n<p>De igual manera, es necesario acudir con la credencial de elector, CURP, comprobante de vacunaci\u00f3n (si se aplic\u00f3 anteriores) y contar con al menos 4 meses o m\u00e1s para la aplicaci\u00f3n del refuerzo.<\/p>\n","protected":false},"excerpt":{"rendered":"Como parte del compromiso que la Universidad Aut\u00f3noma de Tamaulipas (UAT) mantiene con la protecci\u00f3n de la salud de su comunidad, este 25 de abril dio inicio en el Centro Universitario Victoria la Jornada intensiva de vacunaci\u00f3n contra la Covid-19, dirigida a personal docente, administrativo y alumnos de esta instituci\u00f3n. Durante los d\u00edas del 25","protected":false},"author":1,"featured_media":553,"comment_status":"open","ping_status":"open","sticky":false,"template":"","format":"standard","meta":{"_monsterinsights_skip_tracking":false,"_monsterinsights_sitenote_active":false,"_monsterinsights_sitenote_note":"","_monsterinsights_sitenote_category":0,"footnotes":""},"categories":[3],"tags":[],"class_list":["post-552","post","type-post","status-publish","format-standard","has-post-thumbnail","hentry","category-noticias"],"aioseo_notices":[],"amp_enabled":true,"_links":{"self":[{"href":"https:\/\/tamaulipasmiregion.com\/index.php?rest_route=\/wp\/v2\/posts\/552","targetHints":{"allow":["GET"]}}],"collection":[{"href":"https:\/\/tamaulipasmiregion.com\/index.php?rest_route=\/wp\/v2\/posts"}],"about":[{"href":"https:\/\/tamaulipasmiregion.com\/index.php?rest_route=\/wp\/v2\/types\/post"}],"author":[{"embeddable":true,"href":"https:\/\/tamaulipasmiregion.com\/index.php?rest_route=\/wp\/v2\/users\/1"}],"replies":[{"embeddable":true,"href":"https:\/\/tamaulipasmiregion.com\/index.php?rest_route=%2Fwp%2Fv2%2Fcomments&post=552"}],"version-history":[{"count":1,"href":"https:\/\/tamaulipasmiregion.com\/index.php?rest_route=\/wp\/v2\/posts\/552\/revisions"}],"predecessor-version":[{"id":554,"href":"https:\/\/tamaulipasmiregion.com\/index.php?rest_route=\/wp\/v2\/posts\/552\/revisions\/554"}],"wp:featuredmedia":[{"embeddable":true,"href":"https:\/\/tamaulipasmiregion.com\/index.php?rest_route=\/wp\/v2\/media\/553"}],"wp:attachment":[{"href":"https:\/\/tamaulipasmiregion.com\/index.php?rest_route=%2Fwp%2Fv2%2Fmedia&parent=552"}],"wp:term":[{"taxonomy":"category","embeddable":true,"href":"https:\/\/tamaulipasmiregion.com\/index.php?rest_route=%2Fwp%2Fv2%2Fcategories&post=552"},{"taxonomy":"post_tag","embeddable":true,"href":"https:\/\/tamaulipasmiregion.com\/index.php?rest_route=%2Fwp%2Fv2%2Ftags&post=552"}],"curies":[{"name":"wp","href":"https:\/\/api.w.org\/{rel}","templated":true}]}}