{"id":569,"date":"2022-05-31T16:29:00","date_gmt":"2022-05-31T16:29:00","guid":{"rendered":"https:\/\/tamaulipasmiregion.com\/?p=569"},"modified":"2022-08-22T16:29:23","modified_gmt":"2022-08-22T16:29:23","slug":"prepara-la-uat-apertura-de-cursos-de-verano-presencial","status":"publish","type":"post","link":"https:\/\/tamaulipasmiregion.com\/?p=569","title":{"rendered":"Prepara la UAT apertura de cursos de verano presencial"},"content":{"rendered":"\n<p>La Universidad Aut\u00f3noma de Tamaulipas (UAT) desarrollar\u00e1 el jueves 2 y el viernes 3 de junio las inscripciones a los cursos del per\u00edodo de Verano 2022, cuyas clases, por primera vez desde la declaratoria de emergencia por la pandemia de COVID-19, se impartir\u00e1n de manera cien por ciento presencial.<br>De acuerdo con el calendario de actividades acad\u00e9micas y administrativas de la UAT, las inscripciones a los cursos de verano se han programado el 2 y 3 de junio para iniciar las clases el 6 de junio. Las evaluaciones finales ordinarias ser\u00e1n el 20 y 21 de julio y el fin del per\u00edodo de clases est\u00e1 programado para el 22 de julio de 2022.<br>A este respecto, el Rector Guillermo Mendoza Cavazos dijo que el per\u00edodo de verano ser\u00e1 el programa piloto de la Universidad para el regreso total a clases presenciales del pr\u00f3ximo per\u00edodo escolar de agosto-diciembre 2022.<br>\u201cEn verano tenemos considerado que llegue aproximadamente el 35% de la matr\u00edcula. Vamos a tener presencia limitada en los salones, porque no se ofrecen todos los cursos; pero el prop\u00f3sito es hacer esa primera prueba y en agosto estar todos de regreso\u201d, coment\u00f3.<br>Indic\u00f3 que los planteles universitarios est\u00e1n preparados para recibir al estudiantado de manera presencial cuidando en forma permanente los protocolos y medidas sanitarias, luego de mencionar que este per\u00edodo de clases es muy importante, ya que permite a los alumnos recuperar materias o adelantar algunas de su plan de estudios.<br>ANUNCIA RECTOR INSCRIPCIONES GRATUITAS EN CURSOS DE VERANO<br>Subray\u00f3 que, dadas las circunstancias econ\u00f3micas por las cuales atraviesa la sociedad en su conjunto, las inscripciones a los cursos de verano ser\u00e1n gratuitas: \u201cQueremos apoyar a los alumnos y recibirlos en este per\u00edodo de verano\u201d, a\u00f1adi\u00f3.<br>Recalc\u00f3 que para la Universidad es importante iniciar el regreso gradual a la totalidad de las actividades acad\u00e9micas, debido a lo relevante que es la convivencia entre los j\u00f3venes y su desarrollo integral.<br>Finalmente, el Rector puntualiz\u00f3 que en las \u00faltimas semanas, y en el marco de las medidas sanitarias vigentes, se ha podido recuperar gradualmente la normalidad en actividades deportivas y culturales, y se espera que en agosto, con el inicio del per\u00edodo escolar Oto\u00f1o 2022-3, se pueda retornar al cien por ciento con todas las actividades de la Universidad en el estado.<\/p>\n","protected":false},"excerpt":{"rendered":"La Universidad Aut\u00f3noma de Tamaulipas (UAT) desarrollar\u00e1 el jueves 2 y el viernes 3 de junio las inscripciones a los cursos del per\u00edodo de Verano 2022, cuyas clases, por primera vez desde la declaratoria de emergencia por la pandemia de COVID-19, se impartir\u00e1n de manera cien por ciento presencial.De acuerdo con el calendario de actividades","protected":false},"author":1,"featured_media":570,"comment_status":"open","ping_status":"open","sticky":false,"template":"","format":"standard","meta":{"_monsterinsights_skip_tracking":false,"_monsterinsights_sitenote_active":false,"_monsterinsights_sitenote_note":"","_monsterinsights_sitenote_category":0,"footnotes":""},"categories":[3],"tags":[],"class_list":["post-569","post","type-post","status-publish","format-standard","has-post-thumbnail","hentry","category-noticias"],"aioseo_notices":[],"amp_enabled":true,"_links":{"self":[{"href":"https:\/\/tamaulipasmiregion.com\/index.php?rest_route=\/wp\/v2\/posts\/569","targetHints":{"allow":["GET"]}}],"collection":[{"href":"https:\/\/tamaulipasmiregion.com\/index.php?rest_route=\/wp\/v2\/posts"}],"about":[{"href":"https:\/\/tamaulipasmiregion.com\/index.php?rest_route=\/wp\/v2\/types\/post"}],"author":[{"embeddable":true,"href":"https:\/\/tamaulipasmiregion.com\/index.php?rest_route=\/wp\/v2\/users\/1"}],"replies":[{"embeddable":true,"href":"https:\/\/tamaulipasmiregion.com\/index.php?rest_route=%2Fwp%2Fv2%2Fcomments&post=569"}],"version-history":[{"count":1,"href":"https:\/\/tamaulipasmiregion.com\/index.php?rest_route=\/wp\/v2\/posts\/569\/revisions"}],"predecessor-version":[{"id":571,"href":"https:\/\/tamaulipasmiregion.com\/index.php?rest_route=\/wp\/v2\/posts\/569\/revisions\/571"}],"wp:featuredmedia":[{"embeddable":true,"href":"https:\/\/tamaulipasmiregion.com\/index.php?rest_route=\/wp\/v2\/media\/570"}],"wp:attachment":[{"href":"https:\/\/tamaulipasmiregion.com\/index.php?rest_route=%2Fwp%2Fv2%2Fmedia&parent=569"}],"wp:term":[{"taxonomy":"category","embeddable":true,"href":"https:\/\/tamaulipasmiregion.com\/index.php?rest_route=%2Fwp%2Fv2%2Fcategories&post=569"},{"taxonomy":"post_tag","embeddable":true,"href":"https:\/\/tamaulipasmiregion.com\/index.php?rest_route=%2Fwp%2Fv2%2Ftags&post=569"}],"curies":[{"name":"wp","href":"https:\/\/api.w.org\/{rel}","templated":true}]}}