{"id":593,"date":"2022-07-06T16:36:00","date_gmt":"2022-07-06T16:36:00","guid":{"rendered":"https:\/\/tamaulipasmiregion.com\/?p=593"},"modified":"2022-08-22T16:36:21","modified_gmt":"2022-08-22T16:36:21","slug":"evalua-rector-avances-academicos-de-la-uat","status":"publish","type":"post","link":"https:\/\/tamaulipasmiregion.com\/?p=593","title":{"rendered":"Eval\u00faa Rector avances acad\u00e9micos de la UAT"},"content":{"rendered":"\n<p><\/p>\n\n\n\n<p>Ciudad Mante, Tam., 5 de julio de 2022.<\/p>\n\n\n\n<p>El Rector de la Universidad Aut\u00f3noma de Tamaulipas (UAT), C.P. Guillermo Mendoza Cavazos, presidi\u00f3 la s\u00e9ptima reuni\u00f3n del Colegio de Directores que tuvo como sede a la Unidad Acad\u00e9mica Multidisciplinaria Mante Centro (UAM-Mante), en cuyo marco dio a conocer los avances del cumplimiento a los proyectos estrat\u00e9gicos de la m\u00e1xima casa de estudios en el estado.<\/p>\n\n\n\n<p>Ante la presencia de titulares de las secretarias de la administraci\u00f3n central y directivos de las 26 dependencias acad\u00e9micas de la UAT, el Rector Guillermo Mendozadestac\u00f3 la importancia de abordar diversos t\u00f3picos relacionados con el desarrollo de acciones dentro de la universidad y su vinculaci\u00f3n con la sociedad en general.<\/p>\n\n\n\n<p>Durante la reuni\u00f3n, la Dra. Rosa Issel Acosta Gonz\u00e1lez, Secretaria Acad\u00e9mica de la Universidad, dio a conocer la calendarizaci\u00f3n de la capacitaci\u00f3n en torno a la reforma curricular, misma que se impartir\u00e1 a las distintas dependencias durante los meses de julio y agosto con el fin de divulgar la nueva perspectiva de misi\u00f3n y visi\u00f3n de la UAT, as\u00ed como el origen y operaci\u00f3n del modelo de sustentabilidad, los modelos educativo y acad\u00e9mico y los elementos clave de la reforma curricular.<\/p>\n\n\n\n<p>En otra parte de la agenda, la Dra. Mariana Zer\u00f3n F\u00e9lix,Secretaria de Investigaci\u00f3n y Posgrado, abord\u00f3 el tema deluso de los signos distintivos y la marca UAT, en donde adem\u00e1s de destacar el posicionamiento de la marca registrada y su uso efectivo, mencion\u00f3 que se est\u00e1 trabajando en el registro de las identidades de las escuelas, facultades y unidades acad\u00e9micas de la casa de estudios.<\/p>\n\n\n\n<p>De igual manera, y en seguimiento a la vinculaci\u00f3n que mantiene la universidad con c\u00e1maras empresariales, organismos de la sociedad civil, asociaciones de productores, as\u00ed como organismos p\u00fablicos y sociales, el Dr. Eduardo Arvizu S\u00e1nchez, Secretario General, dio un informe de las reuniones del Encuentro Conecta que se han llevado a cabo en Victoria y Tampico; as\u00ed como una calendarizaci\u00f3n de los pr\u00f3ximos eventos.<\/p>\n\n\n\n<p>El funcionario mencion\u00f3 que dentro del reporte de actividades del proyecto Conecta, setenta y seisorganizaciones conforman la carta de intenci\u00f3n y se han desarrollado 37 iniciativas. En este sentido detall\u00f3 que se realizar\u00e1n tres encuentros m\u00e1s: el 14 de julio en el campus Mante, el 8 de septiembre en Reynosa y el 22 de septiembre en Nuevo Laredo.<\/p>\n\n\n\n<p>Por su parte tambi\u00e9n, el Rector Guillermo Mendoza destac\u00f3 que se trabaja en los preparativos para el regreso a clases presenciales en agosto de 2022, para lo cual se est\u00e1 fortaleciendo la implementaci\u00f3n de los protocolos sanitarios con el prop\u00f3sito de salvaguardar la integridad y salud de la comunidad universitaria.<\/p>\n\n\n\n<p>Previo a la reuni\u00f3n, el Rector Guillermo Mendoza junto con los directivos universitarios, hicieron un recorrido por los laboratorios, aulas e instalaciones de la UAM Mante, conducidos por el director del plantel, Mtro. C\u00e9sar CruzTrejo, quien hizo una presentaci\u00f3n de fortalezas en materia de innovaci\u00f3n, vinculaci\u00f3n, investigaci\u00f3n, formaci\u00f3n acad\u00e9mica e infraestructura.<\/p>\n\n\n\n<p>Al respecto, el Rector de la UAT reconoci\u00f3 el esfuerzo, el trabajo en equipo y el compromiso que tiene la Unidad Acad\u00e9mica Multidisciplinaria Mante con la generaci\u00f3n y aplicaci\u00f3n de nuevo conocimiento mediante su oferta acad\u00e9mica de calidad y su vinculaci\u00f3n con los principales sectores de la regi\u00f3n.<\/p>\n","protected":false},"excerpt":{"rendered":"Ciudad Mante, Tam., 5 de julio de 2022. El Rector de la Universidad Aut\u00f3noma de Tamaulipas (UAT), C.P. Guillermo Mendoza Cavazos, presidi\u00f3 la s\u00e9ptima reuni\u00f3n del Colegio de Directores que tuvo como sede a la Unidad Acad\u00e9mica Multidisciplinaria Mante Centro (UAM-Mante), en cuyo marco dio a conocer los avances del cumplimiento a los proyectos estrat\u00e9gicos","protected":false},"author":1,"featured_media":594,"comment_status":"open","ping_status":"open","sticky":false,"template":"","format":"standard","meta":{"_monsterinsights_skip_tracking":false,"_monsterinsights_sitenote_active":false,"_monsterinsights_sitenote_note":"","_monsterinsights_sitenote_category":0,"footnotes":""},"categories":[3],"tags":[],"class_list":["post-593","post","type-post","status-publish","format-standard","has-post-thumbnail","hentry","category-noticias"],"aioseo_notices":[],"amp_enabled":true,"_links":{"self":[{"href":"https:\/\/tamaulipasmiregion.com\/index.php?rest_route=\/wp\/v2\/posts\/593","targetHints":{"allow":["GET"]}}],"collection":[{"href":"https:\/\/tamaulipasmiregion.com\/index.php?rest_route=\/wp\/v2\/posts"}],"about":[{"href":"https:\/\/tamaulipasmiregion.com\/index.php?rest_route=\/wp\/v2\/types\/post"}],"author":[{"embeddable":true,"href":"https:\/\/tamaulipasmiregion.com\/index.php?rest_route=\/wp\/v2\/users\/1"}],"replies":[{"embeddable":true,"href":"https:\/\/tamaulipasmiregion.com\/index.php?rest_route=%2Fwp%2Fv2%2Fcomments&post=593"}],"version-history":[{"count":1,"href":"https:\/\/tamaulipasmiregion.com\/index.php?rest_route=\/wp\/v2\/posts\/593\/revisions"}],"predecessor-version":[{"id":595,"href":"https:\/\/tamaulipasmiregion.com\/index.php?rest_route=\/wp\/v2\/posts\/593\/revisions\/595"}],"wp:featuredmedia":[{"embeddable":true,"href":"https:\/\/tamaulipasmiregion.com\/index.php?rest_route=\/wp\/v2\/media\/594"}],"wp:attachment":[{"href":"https:\/\/tamaulipasmiregion.com\/index.php?rest_route=%2Fwp%2Fv2%2Fmedia&parent=593"}],"wp:term":[{"taxonomy":"category","embeddable":true,"href":"https:\/\/tamaulipasmiregion.com\/index.php?rest_route=%2Fwp%2Fv2%2Fcategories&post=593"},{"taxonomy":"post_tag","embeddable":true,"href":"https:\/\/tamaulipasmiregion.com\/index.php?rest_route=%2Fwp%2Fv2%2Ftags&post=593"}],"curies":[{"name":"wp","href":"https:\/\/api.w.org\/{rel}","templated":true}]}}