{"id":611,"date":"2022-08-08T16:40:00","date_gmt":"2022-08-08T16:40:00","guid":{"rendered":"https:\/\/tamaulipasmiregion.com\/?p=611"},"modified":"2022-08-22T16:40:39","modified_gmt":"2022-08-22T16:40:39","slug":"regresa-uat-a-labores-administrativas-tras-concluir-periodo-vacacional","status":"publish","type":"post","link":"https:\/\/tamaulipasmiregion.com\/?p=611","title":{"rendered":"Regresa UAT a labores administrativas tras concluir periodo vacacional"},"content":{"rendered":"\n<p><\/p>\n\n\n\n<p>De acuerdo con el calendario escolar\/administrativo 2022 de la Universidad Aut\u00f3noma de Tamaulipas (UAT), este 8 de agosto regresa la actividad administrativa en todas las dependencias de esta casa de estudios en las zonas centro, norte y sur del estado.<\/p>\n\n\n\n<p>Luego de concluir el periodo de asueto correspondiente a la temporada de verano, el personal administrativo de la m\u00e1xima casa de estudios en la entidad reanudar\u00e1 sus actividades, y ahora la Rector\u00eda y todas las dependencias acad\u00e9micas se preparan para iniciar el ciclo escolar agosto-diciembre de 2022.<\/p>\n\n\n\n<p>Dentro de las actividades que inician este periodo, y de acuerdo con el calendario oficial de la UAT, el 12 de agosto se llevar\u00e1 a cabo la publicaci\u00f3n de resultados de aspirantes que aplicaron el examen Ceneval durante el mes de julio y que fueron seleccionados para ingresar a la Universidad.<\/p>\n\n\n\n<p>Los resultados del proceso de admisi\u00f3n se podr\u00e1n consultar mediante el sitio&nbsp;<a href=\"https:\/\/l.facebook.com\/l.php?u=http%3A%2F%2Fwww.academico.uat.edu.mx%2F%3Ffbclid%3DIwAR3-fdBNidl1yRvPlE8cyzG7-CeOQ6qZhvGuhkpQq_i2-UWi1LZu5gQ5IQk&amp;h=AT3DdRUNjbwAf9nudjfuKJMivrzp0DXcCnezYBbTrCieoaGRfjKBxYNHmsw-w83PneyD8Qhwxr96Jm9Qi8Vjwp3UqEcVZ_WfIghVl-Q8WKKByVOa-0VgB3ge0OfJSFosTaebBWo&amp;__tn__=-UK*F\" rel=\"noreferrer noopener\" target=\"_blank\">http:\/\/www.academico.uat.edu.mx<\/a>&nbsp;con acceso tambi\u00e9n desde el portal web oficial de la UAT:&nbsp;<a href=\"https:\/\/l.facebook.com\/l.php?u=http%3A%2F%2Fwww.uat.edu.mx%2F%3Ffbclid%3DIwAR2rPX_EwrEU1KJhVPLVLvG8usXYRCYAE_ms5HgYt7Pg5CSy_UN7ZL-6Tns&amp;h=AT1utmiIw7lr0q_A5VRsjQ7pc8vTQwkxG89-9xUrqOStkrpGXrPiwpY2rYQX_8onQRmtYNvVpAzjG5ulg0GuE4eh9r8zrw6otChLGTaJmhUcRIowvXuRvN60fZhcFg_YsHem5nI&amp;__tn__=-UK*F\" rel=\"noreferrer noopener\" target=\"_blank\">www.uat.edu.mx.<\/a><\/p>\n\n\n\n<p>Conforme a las fechas estipuladas en el calendario, las inscripciones y reinscripciones de la comunidad estudiantil al periodo 2022-3 se llevar\u00e1n a cabo durante la semana del 15 al 19 de agosto, para iniciar las clases el lunes 22 de agosto.<\/p>\n\n\n\n<p>Cabe mencionar que, tal como lo ha manifestado el Rector Guillermo Mendoza Cavazos, la Universidad tiene contemplado el regreso a clases presenciales en todos los planteles y niveles de ense\u00f1anza, luego de haber culminado con \u00e9xito el periodo de verano (del 6 de junio al 22 de julio), que se implement\u00f3 como programa piloto para el regreso total a clases.<\/p>\n\n\n\n<p>El calendario tambi\u00e9n marca como periodo de altas y bajas la semana comprendida del 22 al 26 de agosto y como fecha l\u00edmite de pago de inscripciones el 23 de agosto, por lo que la Universidad tiene tambi\u00e9n a disposici\u00f3n el m\u00f3dulo&nbsp;<a href=\"http:\/\/www.academico.uat.edu.mx\/?fbclid=IwAR1bT5bLritB62w0JZbTZOUbzxPdqgam00nTidZOH_v2ULKd2agNRjx9zzU\" rel=\"noreferrer noopener\" target=\"_blank\">http:\/\/www.academico.uat.edu.mx<\/a>&nbsp;del sistema de inscripciones en l\u00ednea.<\/p>\n","protected":false},"excerpt":{"rendered":"De acuerdo con el calendario escolar\/administrativo 2022 de la Universidad Aut\u00f3noma de Tamaulipas (UAT), este 8 de agosto regresa la actividad administrativa en todas las dependencias de esta casa de estudios en las zonas centro, norte y sur del estado. Luego de concluir el periodo de asueto correspondiente a la temporada de verano, el personal","protected":false},"author":1,"featured_media":612,"comment_status":"open","ping_status":"open","sticky":false,"template":"","format":"standard","meta":{"_monsterinsights_skip_tracking":false,"_monsterinsights_sitenote_active":false,"_monsterinsights_sitenote_note":"","_monsterinsights_sitenote_category":0,"footnotes":""},"categories":[3],"tags":[],"class_list":["post-611","post","type-post","status-publish","format-standard","has-post-thumbnail","hentry","category-noticias"],"aioseo_notices":[],"amp_enabled":true,"_links":{"self":[{"href":"https:\/\/tamaulipasmiregion.com\/index.php?rest_route=\/wp\/v2\/posts\/611","targetHints":{"allow":["GET"]}}],"collection":[{"href":"https:\/\/tamaulipasmiregion.com\/index.php?rest_route=\/wp\/v2\/posts"}],"about":[{"href":"https:\/\/tamaulipasmiregion.com\/index.php?rest_route=\/wp\/v2\/types\/post"}],"author":[{"embeddable":true,"href":"https:\/\/tamaulipasmiregion.com\/index.php?rest_route=\/wp\/v2\/users\/1"}],"replies":[{"embeddable":true,"href":"https:\/\/tamaulipasmiregion.com\/index.php?rest_route=%2Fwp%2Fv2%2Fcomments&post=611"}],"version-history":[{"count":1,"href":"https:\/\/tamaulipasmiregion.com\/index.php?rest_route=\/wp\/v2\/posts\/611\/revisions"}],"predecessor-version":[{"id":613,"href":"https:\/\/tamaulipasmiregion.com\/index.php?rest_route=\/wp\/v2\/posts\/611\/revisions\/613"}],"wp:featuredmedia":[{"embeddable":true,"href":"https:\/\/tamaulipasmiregion.com\/index.php?rest_route=\/wp\/v2\/media\/612"}],"wp:attachment":[{"href":"https:\/\/tamaulipasmiregion.com\/index.php?rest_route=%2Fwp%2Fv2%2Fmedia&parent=611"}],"wp:term":[{"taxonomy":"category","embeddable":true,"href":"https:\/\/tamaulipasmiregion.com\/index.php?rest_route=%2Fwp%2Fv2%2Fcategories&post=611"},{"taxonomy":"post_tag","embeddable":true,"href":"https:\/\/tamaulipasmiregion.com\/index.php?rest_route=%2Fwp%2Fv2%2Ftags&post=611"}],"curies":[{"name":"wp","href":"https:\/\/api.w.org\/{rel}","templated":true}]}}