{"id":619,"date":"2022-08-23T18:19:00","date_gmt":"2022-08-23T18:19:00","guid":{"rendered":"https:\/\/tamaulipasmiregion.com\/?p=619"},"modified":"2022-09-27T18:19:56","modified_gmt":"2022-09-27T18:19:56","slug":"el-ceina-y-circulo-infantil-de-la-uat-inician-actividades-presenciales","status":"publish","type":"post","link":"https:\/\/tamaulipasmiregion.com\/?p=619","title":{"rendered":"El CEINA y C\u00edrculo Infantil de la UAT inician actividades presenciales"},"content":{"rendered":"\n<p>Con el apoyo del Rector C.P. Guillermo Mendoza Cavazos, mediante la gesti\u00f3n del programa UAT U-NIDO, abrieron sus instalaciones a la actividad presencial el Centro Especializado de Idiomas para Ni\u00f1os y Adolescentes (CEINA) y el C\u00edrculo de Desarrollo Infantil de la Universidad Aut\u00f3noma de Tamaulipas.<\/p>\n\n\n\n<p>En el inicio de actividades este lunes 22 de agosto, la C. P. Imelda Sustaita de Mendoza, miembro honorario del programa UAT U-NIDO, acudi\u00f3 a las instalaciones de ambas dependencias para presidir los eventos de bienvenida y el saludo a padres y madres de familia.<\/p>\n\n\n\n<p>El C\u00edrculo de Desarrollo Infantil del Centro Universitario Victoria abri\u00f3 sus puertas para recibir a los peque\u00f1os hijos de estudiantes que cursan en la UAT alg\u00fan programa de licenciatura o posgrado.<\/p>\n\n\n\n<p>La C. P. Imelda Sustaita de Mendoza hizo un recorrido de bienvenida por la estancia infantil, que en este ciclo escolar atender\u00e1 a 78 peque\u00f1ines en edades desde seis meses hasta tres a\u00f1os con once meses, en las \u00e1reas de lactantes, maternal y preescolar 1, 2 y 3.<\/p>\n\n\n\n<p>Posteriormente, en las instalaciones del CEINA, la C. P. Imelda Sustaita presidi\u00f3 la recepci\u00f3n de ni\u00f1os, ni\u00f1as y adolescentes que inician sus cursos de idiomas en esta dependencia universitaria ubicada en la zona Centro de la capital del estado, que en este ciclo atender\u00e1 a poco m\u00e1s de 1 250 estudiantes en niveles de Kinder, Kids y Juniors en diversos horarios, entre semana y sabatinos.<\/p>\n\n\n\n<p>En sus respectivos eventos de bienvenida estuvieron presentes la Mtra. Claudia Ver\u00f3nica Cedillo de los Santos, Directora del C\u00edrculo Infantil; y la Mtra. Mar\u00eda Dolores Martinez Hern\u00e1ndez, Directora del CEINA. Ambas titulares coincidieron en expresar su agradecimiento al Rector Guillermo Mendoza Cavazos y a su esposa Imelda Sustaita de Mendoza por el apoyo que han dado a trav\u00e9s de UAT U-NIDO para el cuidado, atenci\u00f3n y servicios educativos que se brindan a la ni\u00f1ez en general y a hijos de la comunidad universitaria.<\/p>\n","protected":false},"excerpt":{"rendered":"Con el apoyo del Rector C.P. Guillermo Mendoza Cavazos, mediante la gesti\u00f3n del programa UAT U-NIDO, abrieron sus instalaciones a la actividad presencial el Centro Especializado de Idiomas para Ni\u00f1os y Adolescentes (CEINA) y el C\u00edrculo de Desarrollo Infantil de la Universidad Aut\u00f3noma de Tamaulipas. En el inicio de actividades este lunes 22 de agosto,","protected":false},"author":1,"featured_media":620,"comment_status":"open","ping_status":"open","sticky":false,"template":"","format":"standard","meta":{"_monsterinsights_skip_tracking":false,"_monsterinsights_sitenote_active":false,"_monsterinsights_sitenote_note":"","_monsterinsights_sitenote_category":0,"footnotes":""},"categories":[3],"tags":[],"class_list":["post-619","post","type-post","status-publish","format-standard","has-post-thumbnail","hentry","category-noticias"],"aioseo_notices":[],"amp_enabled":true,"_links":{"self":[{"href":"https:\/\/tamaulipasmiregion.com\/index.php?rest_route=\/wp\/v2\/posts\/619","targetHints":{"allow":["GET"]}}],"collection":[{"href":"https:\/\/tamaulipasmiregion.com\/index.php?rest_route=\/wp\/v2\/posts"}],"about":[{"href":"https:\/\/tamaulipasmiregion.com\/index.php?rest_route=\/wp\/v2\/types\/post"}],"author":[{"embeddable":true,"href":"https:\/\/tamaulipasmiregion.com\/index.php?rest_route=\/wp\/v2\/users\/1"}],"replies":[{"embeddable":true,"href":"https:\/\/tamaulipasmiregion.com\/index.php?rest_route=%2Fwp%2Fv2%2Fcomments&post=619"}],"version-history":[{"count":1,"href":"https:\/\/tamaulipasmiregion.com\/index.php?rest_route=\/wp\/v2\/posts\/619\/revisions"}],"predecessor-version":[{"id":621,"href":"https:\/\/tamaulipasmiregion.com\/index.php?rest_route=\/wp\/v2\/posts\/619\/revisions\/621"}],"wp:featuredmedia":[{"embeddable":true,"href":"https:\/\/tamaulipasmiregion.com\/index.php?rest_route=\/wp\/v2\/media\/620"}],"wp:attachment":[{"href":"https:\/\/tamaulipasmiregion.com\/index.php?rest_route=%2Fwp%2Fv2%2Fmedia&parent=619"}],"wp:term":[{"taxonomy":"category","embeddable":true,"href":"https:\/\/tamaulipasmiregion.com\/index.php?rest_route=%2Fwp%2Fv2%2Fcategories&post=619"},{"taxonomy":"post_tag","embeddable":true,"href":"https:\/\/tamaulipasmiregion.com\/index.php?rest_route=%2Fwp%2Fv2%2Ftags&post=619"}],"curies":[{"name":"wp","href":"https:\/\/api.w.org\/{rel}","templated":true}]}}