{"id":622,"date":"2022-08-30T18:21:00","date_gmt":"2022-08-30T18:21:00","guid":{"rendered":"https:\/\/tamaulipasmiregion.com\/?p=622"},"modified":"2022-09-27T18:21:22","modified_gmt":"2022-09-27T18:21:22","slug":"festeja-uat-a-los-abuelitos-del-programa-universitario-para-adultos-mayores","status":"publish","type":"post","link":"https:\/\/tamaulipasmiregion.com\/?p=622","title":{"rendered":"Festeja UAT a los abuelitos del programa universitario para adultos mayores"},"content":{"rendered":"\n<p>\u00b7 El Rector Guillermo Mendoza y su esposa Imelda Sustaita presiden el convivio dedicado a los abuelitos que son atendidos por la UAT en el Centro Operativo Multidisciplinario de Atenci\u00f3n y Servicio Social (COMASS) en esta capital.<\/p>\n\n\n\n<p>El C. P. Guillermo Mendoza Cavazos, Rector de la Universidad Aut\u00f3noma de Tamaulipas (UAT), asisti\u00f3 al emotivo festejo de cierre de actividades de la Semana del Adulto Mayor que organiz\u00f3 el Centro Operativo Multidisciplinario de Atenci\u00f3n y Servicio Social (COMASS) con motivo del D\u00eda Nacional de la Persona Adulta Mayor.<\/p>\n\n\n\n<p>En el evento realizado este 30 de agosto, el Rector Guillermo Mendoza, acompa\u00f1ado de su esposa, la C. P. Imelda Sustaita de Mendoza, miembro de honor del programa UAT U-NIDO, destac\u00f3 la importancia que representa para la Universidad impulsar el programa de atenci\u00f3n al adulto mayor por medio del equipo multidisciplinario de servicio social.<\/p>\n\n\n\n<p>En su mensaje, el Rector destac\u00f3 el esfuerzo que hace la Universidad al buscar impactar en la sociedad y abrir sus puertas mediante programas que involucran a personas de todas las edades: ni\u00f1os, j\u00f3venes y, en este caso, adultos mayores. Declar\u00f3 que, dentro de las acciones a implementar en beneficio de este centro operativo de servicio social, se trabaja en un proyecto para que esta dependencia universitaria cuente con nuevas instalaciones el pr\u00f3ximo a\u00f1o, con el fin de ampliar y mejorar los servicios que ah\u00ed se otorgan.<\/p>\n\n\n\n<p>En el evento, el Rector de la UAT y su esposa estuvieron acompa\u00f1ados por la Dra. Cinthya Patricia Ibarra Gonz\u00e1lez, Secretaria de Gesti\u00f3n Escolar; el Mtro. Constancio Arturo Garc\u00eda Pesina, Director de Servicio Social; y la Mtra. Ma. Josefina Medina Guerrero, coordinadora del COMASS; as\u00ed como personal de apoyo y estudiantes universitarios que realizan su servicio social en esta instituci\u00f3n.<\/p>\n\n\n\n<p>A nombre del programa del adulto mayor habl\u00f3 el Sr. Miguel \u00c1ngel Guill\u00e9n Mata, quien agradeci\u00f3 al Rector y a la UAT por las acciones que realizan dirigidas a este sector de la poblaci\u00f3n: \u201cNos ayudan a sentirnos mejor, por eso no queremos dejar de ir. Gracias por recordarnos que somos \u00fatiles a la sociedad\u201d, dijo.<\/p>\n\n\n\n<p>Se destac\u00f3 que el COMASS brinda atenci\u00f3n integral a m\u00e1s de cien abuelitos, quienes se re\u00fanen los martes y jueves en dicho centro, donde reciben atenci\u00f3n en materia de nutrici\u00f3n, actividad f\u00edsica, servicios m\u00e9dicos, asesor\u00edas jur\u00eddicas, convivencia y todo lo posible para elevar su calidad de vida.<\/p>\n\n\n\n<p>Durante el evento se entregaron reconocimientos al personal del COMASS que durante la Semana del Adulto Mayor estuvieron impartiendo los talleres Pensar en el Aqu\u00ed y el Ahora y Actitud ante la Vida.<\/p>\n\n\n\n<p>Los abuelitos disfrutaron de un almuerzo, de la rifa de regalos y del programa que prepararon en su honor con la participaci\u00f3n de grupos art\u00edsticos de la Universidad.<\/p>\n\n\n\n<p>En otro momento del festejo se coron\u00f3 al rey y la reina del Club de los Abuelitos: do\u00f1a Paula y don Pedro, quienes, mediante votaci\u00f3n, fueron elegidos por sus compa\u00f1eros para representarlos este a\u00f1o.<\/p>\n\n\n\n<p>Se present\u00f3 tambi\u00e9n una exposici\u00f3n de los programas que realiza el COMASS, los cuales fortalecen emocionalmente a este grupo de adultos mayores que son atendidos en actividades donde estudiantes de servicio social y futuros profesionales fortalecen sus valores y empat\u00eda con otros sectores de la poblaci\u00f3n.<\/p>\n","protected":false},"excerpt":{"rendered":"\u00b7 El Rector Guillermo Mendoza y su esposa Imelda Sustaita presiden el convivio dedicado a los abuelitos que son atendidos por la UAT en el Centro Operativo Multidisciplinario de Atenci\u00f3n y Servicio Social (COMASS) en esta capital. El C. P. Guillermo Mendoza Cavazos, Rector de la Universidad Aut\u00f3noma de Tamaulipas (UAT), asisti\u00f3 al emotivo festejo","protected":false},"author":1,"featured_media":623,"comment_status":"open","ping_status":"open","sticky":false,"template":"","format":"standard","meta":{"_monsterinsights_skip_tracking":false,"_monsterinsights_sitenote_active":false,"_monsterinsights_sitenote_note":"","_monsterinsights_sitenote_category":0,"footnotes":""},"categories":[3],"tags":[],"class_list":["post-622","post","type-post","status-publish","format-standard","has-post-thumbnail","hentry","category-noticias"],"aioseo_notices":[],"amp_enabled":true,"_links":{"self":[{"href":"https:\/\/tamaulipasmiregion.com\/index.php?rest_route=\/wp\/v2\/posts\/622","targetHints":{"allow":["GET"]}}],"collection":[{"href":"https:\/\/tamaulipasmiregion.com\/index.php?rest_route=\/wp\/v2\/posts"}],"about":[{"href":"https:\/\/tamaulipasmiregion.com\/index.php?rest_route=\/wp\/v2\/types\/post"}],"author":[{"embeddable":true,"href":"https:\/\/tamaulipasmiregion.com\/index.php?rest_route=\/wp\/v2\/users\/1"}],"replies":[{"embeddable":true,"href":"https:\/\/tamaulipasmiregion.com\/index.php?rest_route=%2Fwp%2Fv2%2Fcomments&post=622"}],"version-history":[{"count":1,"href":"https:\/\/tamaulipasmiregion.com\/index.php?rest_route=\/wp\/v2\/posts\/622\/revisions"}],"predecessor-version":[{"id":624,"href":"https:\/\/tamaulipasmiregion.com\/index.php?rest_route=\/wp\/v2\/posts\/622\/revisions\/624"}],"wp:featuredmedia":[{"embeddable":true,"href":"https:\/\/tamaulipasmiregion.com\/index.php?rest_route=\/wp\/v2\/media\/623"}],"wp:attachment":[{"href":"https:\/\/tamaulipasmiregion.com\/index.php?rest_route=%2Fwp%2Fv2%2Fmedia&parent=622"}],"wp:term":[{"taxonomy":"category","embeddable":true,"href":"https:\/\/tamaulipasmiregion.com\/index.php?rest_route=%2Fwp%2Fv2%2Fcategories&post=622"},{"taxonomy":"post_tag","embeddable":true,"href":"https:\/\/tamaulipasmiregion.com\/index.php?rest_route=%2Fwp%2Fv2%2Ftags&post=622"}],"curies":[{"name":"wp","href":"https:\/\/api.w.org\/{rel}","templated":true}]}}