{"id":631,"date":"2022-09-08T18:23:00","date_gmt":"2022-09-08T18:23:00","guid":{"rendered":"https:\/\/tamaulipasmiregion.com\/?p=631"},"modified":"2022-09-27T18:23:36","modified_gmt":"2022-09-27T18:23:36","slug":"inicia-la-uat-el-ciclo-de-conferencias-catedra-inegi","status":"publish","type":"post","link":"https:\/\/tamaulipasmiregion.com\/?p=631","title":{"rendered":"Inicia la UAT el ciclo de conferencias \u201cC\u00e1tedra INEGI\u201d"},"content":{"rendered":"\n<p>El C. P. Guillermo Mendoza Cavazos, Rector de la Universidad Aut\u00f3noma de Tamaulipas (UAT), inaugur\u00f3 el ciclo de conferencias denominado \u201cC\u00e1tedra Inegi\u201d, que ofrece a la comunidad universitaria un programa de doce ponencias y una serie de talleres en temas de estad\u00edstica sociodemogr\u00e1fica, econ\u00f3mica, de gobierno, as\u00ed como geogr\u00e1fica y de medioambiente.<\/p>\n\n\n\n<p>Las actividades, que el Instituto Nacional de Estad\u00edstica y Geograf\u00eda (Inegi) imparte por primera vez en Tamaulipas, se realizar\u00e1n del 5 de septiembre al 29 de noviembre de 2022.<\/p>\n\n\n\n<p>En el evento de apertura efectuado en el Centro de Excelencia del campus Victoria, particip\u00f3 a distancia la Dra. Graciela M\u00e1rquez Col\u00edn, Presidenta del Inegi, quien imparti\u00f3 por videoconferencia el primero de los temas, a estudiantes y docentes de la Facultad de Comercio y Administraci\u00f3n Victoria (FCAV).<\/p>\n\n\n\n<p>la expositora abord\u00f3, entre otros aspectos, el funcionamiento, atribuciones y objetivos prioritarios del Inegi, constituido como un organismo p\u00fablico aut\u00f3nomo, responsable de normar y coordinar el Sistema Nacional de Informaci\u00f3n Estad\u00edstica y Geogr\u00e1fica.<\/p>\n\n\n\n<p>La Dra. M\u00e1rquez Col\u00edn destac\u00f3 la oportunidad de llevar a los universitarios la diversidad de temas que comprende laCatedra INEGI, y subray\u00f3 que, mediante este programa, el organismo cumple la funci\u00f3n de ciudadanizar la informaci\u00f3n, es decir, acercar a la poblaci\u00f3n en general los productos estad\u00edsticos de los temas de la vida cotidiana.<\/p>\n\n\n\n<p>Por su parte, el Rector Guillermo Mendoza Cavazos dio el mensaje de bienvenida y agradeci\u00f3 a la presidenta del Inegi por colaborar con la UAT mediante este programa que contribuir\u00e1 a fortalecer en la comunidad universitaria la cultura de la informaci\u00f3n y el an\u00e1lisis de los datos estad\u00edsticos.<\/p>\n\n\n\n<p>Asimismo, coment\u00f3 que esta c\u00e1tedra se realiza por primera vez en Tamaulipas teniendo como sede la Facultad de Comercio y Administraci\u00f3n Victoria, y que las ponencias que se dicten dejar\u00e1n conocimiento relevante para la comunidad docente, investigadora y estudiantil.<\/p>\n\n\n\n<p>Subray\u00f3 que la informaci\u00f3n del Inegi se refleja en los trabajos de investigaci\u00f3n cient\u00edfica y acad\u00e9mica que realizan investigadores de la UAT; de ah\u00ed la importancia de fortalecer la cultura del an\u00e1lisis de datos entre la comunidad universitaria.<\/p>\n\n\n\n<p>Se cont\u00f3 tambi\u00e9n con la asistencia del Ing. Leobardo Gayt\u00e1n Guzm\u00e1n, Director de la Regi\u00f3n Noreste del Inegi, quien agradeci\u00f3 a la UAT por participar en estas accionescon el organismo nacional.<\/p>\n\n\n\n<p>El evento cont\u00f3 adem\u00e1s con la presencia del Ing. Marco Antonio Chapa Mart\u00ednez, coordinador estatal del Inegi en Tamaulipas; y por parte de la UAT, la Dra. Mariana Zer\u00f3n F\u00e9lix, Secretaria de Investigaci\u00f3n y Posgrado; la Dra. Rosa Issel Acosta Gonz\u00e1lez, Secretaria Acad\u00e9mica; y el Dr. Jes\u00fas Gerardo Delgado Rivas, Director de la FCAV.<\/p>\n","protected":false},"excerpt":{"rendered":"El C. P. Guillermo Mendoza Cavazos, Rector de la Universidad Aut\u00f3noma de Tamaulipas (UAT), inaugur\u00f3 el ciclo de conferencias denominado \u201cC\u00e1tedra Inegi\u201d, que ofrece a la comunidad universitaria un programa de doce ponencias y una serie de talleres en temas de estad\u00edstica sociodemogr\u00e1fica, econ\u00f3mica, de gobierno, as\u00ed como geogr\u00e1fica y de medioambiente. Las actividades, que","protected":false},"author":1,"featured_media":632,"comment_status":"open","ping_status":"open","sticky":false,"template":"","format":"standard","meta":{"_monsterinsights_skip_tracking":false,"_monsterinsights_sitenote_active":false,"_monsterinsights_sitenote_note":"","_monsterinsights_sitenote_category":0,"footnotes":""},"categories":[3],"tags":[],"class_list":["post-631","post","type-post","status-publish","format-standard","has-post-thumbnail","hentry","category-noticias"],"aioseo_notices":[],"amp_enabled":true,"_links":{"self":[{"href":"https:\/\/tamaulipasmiregion.com\/index.php?rest_route=\/wp\/v2\/posts\/631","targetHints":{"allow":["GET"]}}],"collection":[{"href":"https:\/\/tamaulipasmiregion.com\/index.php?rest_route=\/wp\/v2\/posts"}],"about":[{"href":"https:\/\/tamaulipasmiregion.com\/index.php?rest_route=\/wp\/v2\/types\/post"}],"author":[{"embeddable":true,"href":"https:\/\/tamaulipasmiregion.com\/index.php?rest_route=\/wp\/v2\/users\/1"}],"replies":[{"embeddable":true,"href":"https:\/\/tamaulipasmiregion.com\/index.php?rest_route=%2Fwp%2Fv2%2Fcomments&post=631"}],"version-history":[{"count":1,"href":"https:\/\/tamaulipasmiregion.com\/index.php?rest_route=\/wp\/v2\/posts\/631\/revisions"}],"predecessor-version":[{"id":633,"href":"https:\/\/tamaulipasmiregion.com\/index.php?rest_route=\/wp\/v2\/posts\/631\/revisions\/633"}],"wp:featuredmedia":[{"embeddable":true,"href":"https:\/\/tamaulipasmiregion.com\/index.php?rest_route=\/wp\/v2\/media\/632"}],"wp:attachment":[{"href":"https:\/\/tamaulipasmiregion.com\/index.php?rest_route=%2Fwp%2Fv2%2Fmedia&parent=631"}],"wp:term":[{"taxonomy":"category","embeddable":true,"href":"https:\/\/tamaulipasmiregion.com\/index.php?rest_route=%2Fwp%2Fv2%2Fcategories&post=631"},{"taxonomy":"post_tag","embeddable":true,"href":"https:\/\/tamaulipasmiregion.com\/index.php?rest_route=%2Fwp%2Fv2%2Ftags&post=631"}],"curies":[{"name":"wp","href":"https:\/\/api.w.org\/{rel}","templated":true}]}}